{"id":11278,"date":"2023-11-13T16:43:35","date_gmt":"2023-11-13T15:43:35","guid":{"rendered":"https:\/\/agora.xtec.cat\/ceip-joanmiro-barcelona\/?p=11278"},"modified":"2023-11-13T16:43:35","modified_gmt":"2023-11-13T15:43:35","slug":"les-colonies-de-2n-son-importants-perque-aprenem-com-a-lescola","status":"publish","type":"post","link":"https:\/\/agora.xtec.cat\/ceip-joanmiro-barcelona\/general\/les-colonies-de-2n-son-importants-perque-aprenem-com-a-lescola\/","title":{"rendered":"Les col\u00f2nies de 2n s\u00f3n importants perqu\u00e8&#8230; aprenem com a l&#8217;escola!"},"content":{"rendered":"<p><span style=\"font-weight: 400;\">Els infants de Segon ( Cintes i Mentes), els dies 25,26,27 d\u2019octubre vam anar de col\u00f2nies al Castell de Fluvi\u00e0. Vam fer activitats molt variades i xules\u00a0 on vam poder\u00a0 mirar, tocar i experimentar amb elements de la natura fent un aprenentatge vivencial i emocional.<\/span><a href=\"https:\/\/drive.google.com\/drive\/u\/3\/folders\/187hyLxeiy3L6IEQIMnw1IGLS3GHsFbQ9\" target=\"_blank\" rel=\"noopener\"><img loading=\"lazy\" decoding=\"async\" class=\"alignnone size-large wp-image-11279\" src=\"https:\/\/agora.xtec.cat\/ceip-joanmiro-barcelona\/wp-content\/uploads\/usu741\/2023\/11\/Fotos-web-colonies-2n10-1024x576.jpeg\" alt=\"\" width=\"1024\" height=\"576\" srcset=\"https:\/\/agora.xtec.cat\/ceip-joanmiro-barcelona\/wp-content\/uploads\/usu741\/2023\/11\/Fotos-web-colonies-2n10-1024x576.jpeg 1024w, https:\/\/agora.xtec.cat\/ceip-joanmiro-barcelona\/wp-content\/uploads\/usu741\/2023\/11\/Fotos-web-colonies-2n10-300x169.jpeg 300w, https:\/\/agora.xtec.cat\/ceip-joanmiro-barcelona\/wp-content\/uploads\/usu741\/2023\/11\/Fotos-web-colonies-2n10-768x432.jpeg 768w, https:\/\/agora.xtec.cat\/ceip-joanmiro-barcelona\/wp-content\/uploads\/usu741\/2023\/11\/Fotos-web-colonies-2n10-1536x864.jpeg 1536w, https:\/\/agora.xtec.cat\/ceip-joanmiro-barcelona\/wp-content\/uploads\/usu741\/2023\/11\/Fotos-web-colonies-2n10-2048x1152.jpeg 2048w\" sizes=\"auto, (max-width: 1024px) 100vw, 1024px\" \/><\/a><\/p>\n","protected":false},"excerpt":{"rendered":"<p>Els infants de Segon ( Cintes i Mentes), els dies 25,26,27 d\u2019octubre vam anar de col\u00f2nies al Castell de Fluvi\u00e0. Vam fer activitats molt variades i xules\u00a0 on vam poder\u00a0 mirar, tocar i experimentar amb elements de la natura fent un aprenentatge vivencial i emocional.<a&hellip;  <a href=\"https:\/\/agora.xtec.cat\/ceip-joanmiro-barcelona\/general\/les-colonies-de-2n-son-importants-perque-aprenem-com-a-lescola\/\" title=\"Read Les col\u00f2nies de 2n s\u00f3n importants perqu\u00e8&#8230; aprenem com a l&#8217;escola!\">Llegeix m\u00e9s\u00bb<\/a><\/p>\n","protected":false},"author":126,"featured_media":11279,"comment_status":"open","ping_status":"closed","sticky":false,"template":"","format":"standard","meta":{"_bbp_topic_count":0,"_bbp_reply_count":0,"_bbp_total_topic_count":0,"_bbp_total_reply_count":0,"_bbp_voice_count":0,"_bbp_anonymous_reply_count":0,"_bbp_topic_count_hidden":0,"_bbp_reply_count_hidden":0,"_bbp_forum_subforum_count":0,"footnotes":""},"categories":[230,1,4,5],"tags":[],"class_list":["post-11278","post","type-post","status-publish","format-standard","has-post-thumbnail","hentry","category-quart","category-general","category-portada","category-primaria"],"post_mailing_queue_ids":[],"_links":{"self":[{"href":"https:\/\/agora.xtec.cat\/ceip-joanmiro-barcelona\/wp-json\/wp\/v2\/posts\/11278","targetHints":{"allow":["GET"]}}],"collection":[{"href":"https:\/\/agora.xtec.cat\/ceip-joanmiro-barcelona\/wp-json\/wp\/v2\/posts"}],"about":[{"href":"https:\/\/agora.xtec.cat\/ceip-joanmiro-barcelona\/wp-json\/wp\/v2\/types\/post"}],"author":[{"embeddable":true,"href":"https:\/\/agora.xtec.cat\/ceip-joanmiro-barcelona\/wp-json\/wp\/v2\/users\/126"}],"replies":[{"embeddable":true,"href":"https:\/\/agora.xtec.cat\/ceip-joanmiro-barcelona\/wp-json\/wp\/v2\/comments?post=11278"}],"version-history":[{"count":2,"href":"https:\/\/agora.xtec.cat\/ceip-joanmiro-barcelona\/wp-json\/wp\/v2\/posts\/11278\/revisions"}],"predecessor-version":[{"id":11294,"href":"https:\/\/agora.xtec.cat\/ceip-joanmiro-barcelona\/wp-json\/wp\/v2\/posts\/11278\/revisions\/11294"}],"wp:featuredmedia":[{"embeddable":true,"href":"https:\/\/agora.xtec.cat\/ceip-joanmiro-barcelona\/wp-json\/wp\/v2\/media\/11279"}],"wp:attachment":[{"href":"https:\/\/agora.xtec.cat\/ceip-joanmiro-barcelona\/wp-json\/wp\/v2\/media?parent=11278"}],"wp:term":[{"taxonomy":"category","embeddable":true,"href":"https:\/\/agora.xtec.cat\/ceip-joanmiro-barcelona\/wp-json\/wp\/v2\/categories?post=11278"},{"taxonomy":"post_tag","embeddable":true,"href":"https:\/\/agora.xtec.cat\/ceip-joanmiro-barcelona\/wp-json\/wp\/v2\/tags?post=11278"}],"curies":[{"name":"wp","href":"https:\/\/api.w.org\/{rel}","templated":true}]}}