{"id":10797,"date":"2023-03-23T22:24:23","date_gmt":"2023-03-23T21:24:23","guid":{"rendered":"https:\/\/agora.xtec.cat\/ceip-joanmiro-barcelona\/?p=10797"},"modified":"2023-03-30T12:18:28","modified_gmt":"2023-03-30T10:18:28","slug":"sortida-al-cram-1r-de-primaria-cintes-i-mentes","status":"publish","type":"post","link":"https:\/\/agora.xtec.cat\/ceip-joanmiro-barcelona\/general\/sortida-al-cram-1r-de-primaria-cintes-i-mentes\/","title":{"rendered":"L&#8217;alumnat de 1r Cintes i menta visiten el Centre de recuperaci\u00f3 d&#8217;animals marins"},"content":{"rendered":"<p><span style=\"font-weight: 400;\">El dia 20 de mar\u00e7 va comen\u00e7ar la primavera\u00a0 i els infants de 1r vam anar al CRAM <\/span><a href=\"https:\/\/cram.org\/ca\/\"><span style=\"font-weight: 400;\">(Centre de recuperaci\u00f3 d\u2019animals marins)<\/span><\/a><span style=\"font-weight: 400;\">.\u00a0<\/span><\/p>\n<p><span style=\"font-weight: 400;\">Vam poder observar que al CRAM tenen cura d&#8217;alguns animals marins trobats a les platges ( tortugues marines i\u00a0 aus marines) i ens van explicar moltes coses de les tortugues marines i els taurons.\u00a0<\/span><\/p>\n<p><span style=\"font-weight: 400;\">Tamb\u00e9 vam prendre consci\u00e8ncia de com d&#8217;important \u00e9s tenir cura de llen\u00e7ar els pl\u00e0stics i altres residus en el lloc adequat per poder-los reciclar i perqu\u00e8 no vagin a parar al mar.<\/span><\/p>\n<p><span style=\"font-weight: 400;\">Per acabar el dia vam anar al \u201cParc Nou\u201d del Prat del Llobregat a dinar despr\u00e9s vam\u00a0 jugar.\u00a0<\/span><\/p>\n<p><span style=\"font-weight: 400;\">va ser molt interessant. Ens ho vam passar molt b\u00e9!<\/span><\/p>\n<p><a href=\"https:\/\/photos.app.goo.gl\/t918kcDM38JeMgYi8\">https:\/\/photos.app.goo.gl\/t918kcDM38JeMgYi8<\/a><\/p>\n","protected":false},"excerpt":{"rendered":"<p>El dia 20 de mar\u00e7 va comen\u00e7ar la primavera\u00a0 i els infants de 1r vam anar al CRAM <a href=\"https:\/\/cram.org\/ca\/\">(Centre de recuperaci\u00f3 d\u2019animals marins)<\/a>.\u00a0<br \/>\nVam poder observar que al CRAM tenen cura d&#8217;alguns animals marins trobats a les platges ( tortugues marines i\u00a0 aus marines) i&hellip;  <a href=\"https:\/\/agora.xtec.cat\/ceip-joanmiro-barcelona\/general\/sortida-al-cram-1r-de-primaria-cintes-i-mentes\/\" title=\"Read L&#8217;alumnat de 1r Cintes i menta visiten el Centre de recuperaci\u00f3 d&#8217;animals marins\">Llegeix m\u00e9s\u00bb<\/a><\/p>\n","protected":false},"author":1,"featured_media":10800,"comment_status":"open","ping_status":"closed","sticky":false,"template":"","format":"standard","meta":{"_bbp_topic_count":0,"_bbp_reply_count":0,"_bbp_total_topic_count":0,"_bbp_total_reply_count":0,"_bbp_voice_count":0,"_bbp_anonymous_reply_count":0,"_bbp_topic_count_hidden":0,"_bbp_reply_count_hidden":0,"_bbp_forum_subforum_count":0,"footnotes":""},"categories":[230,1,4,5],"tags":[],"class_list":["post-10797","post","type-post","status-publish","format-standard","has-post-thumbnail","hentry","category-quart","category-general","category-portada","category-primaria"],"post_mailing_queue_ids":[],"_links":{"self":[{"href":"https:\/\/agora.xtec.cat\/ceip-joanmiro-barcelona\/wp-json\/wp\/v2\/posts\/10797","targetHints":{"allow":["GET"]}}],"collection":[{"href":"https:\/\/agora.xtec.cat\/ceip-joanmiro-barcelona\/wp-json\/wp\/v2\/posts"}],"about":[{"href":"https:\/\/agora.xtec.cat\/ceip-joanmiro-barcelona\/wp-json\/wp\/v2\/types\/post"}],"author":[{"embeddable":true,"href":"https:\/\/agora.xtec.cat\/ceip-joanmiro-barcelona\/wp-json\/wp\/v2\/users\/1"}],"replies":[{"embeddable":true,"href":"https:\/\/agora.xtec.cat\/ceip-joanmiro-barcelona\/wp-json\/wp\/v2\/comments?post=10797"}],"version-history":[{"count":3,"href":"https:\/\/agora.xtec.cat\/ceip-joanmiro-barcelona\/wp-json\/wp\/v2\/posts\/10797\/revisions"}],"predecessor-version":[{"id":10841,"href":"https:\/\/agora.xtec.cat\/ceip-joanmiro-barcelona\/wp-json\/wp\/v2\/posts\/10797\/revisions\/10841"}],"wp:featuredmedia":[{"embeddable":true,"href":"https:\/\/agora.xtec.cat\/ceip-joanmiro-barcelona\/wp-json\/wp\/v2\/media\/10800"}],"wp:attachment":[{"href":"https:\/\/agora.xtec.cat\/ceip-joanmiro-barcelona\/wp-json\/wp\/v2\/media?parent=10797"}],"wp:term":[{"taxonomy":"category","embeddable":true,"href":"https:\/\/agora.xtec.cat\/ceip-joanmiro-barcelona\/wp-json\/wp\/v2\/categories?post=10797"},{"taxonomy":"post_tag","embeddable":true,"href":"https:\/\/agora.xtec.cat\/ceip-joanmiro-barcelona\/wp-json\/wp\/v2\/tags?post=10797"}],"curies":[{"name":"wp","href":"https:\/\/api.w.org\/{rel}","templated":true}]}}