{"id":1058,"date":"2016-11-17T18:51:56","date_gmt":"2016-11-17T17:51:56","guid":{"rendered":"http:\/\/agora.xtec.cat\/ceip-joanmiro-barcelona\/?p=1058"},"modified":"2016-12-13T20:23:43","modified_gmt":"2016-12-13T19:23:43","slug":"nadales","status":"publish","type":"post","link":"https:\/\/agora.xtec.cat\/ceip-joanmiro-barcelona\/primaria\/nadales\/","title":{"rendered":"Nadales"},"content":{"rendered":"<p>&nbsp;<\/p>\n<h4 style=\"text-align: center;\"><strong>1r : Serra que serra<\/strong><\/h4>\n<p>&nbsp;<\/p>\n<p>Ja podeu practicar la can\u00e7\u00f3 Serra que serra a casa, els dibuixos us pot ajudar a recordar el text de la can\u00e7\u00f3 amb m\u00e9s facilitat,<\/p>\n<p><strong>Serra que serra<\/strong><\/p>\n<div style=\"width: 640px;\" class=\"wp-video\"><!--[if lt IE 9]><script>document.createElement('video');<\/script><![endif]-->\n<video class=\"wp-video-shortcode\" id=\"video-1058-1\" width=\"640\" height=\"360\" preload=\"metadata\" controls=\"controls\"><source type=\"video\/webm\" src=\"http:\/\/agora.xtec.cat\/ceip-joanmiro-barcelona\/wp-content\/uploads\/usu741\/2016\/11\/Serra-que-serra2.webm?_=1\" \/><a href=\"http:\/\/agora.xtec.cat\/ceip-joanmiro-barcelona\/wp-content\/uploads\/usu741\/2016\/11\/Serra-que-serra2.webm\">http:\/\/agora.xtec.cat\/ceip-joanmiro-barcelona\/wp-content\/uploads\/usu741\/2016\/11\/Serra-que-serra2.webm<\/a><\/video><\/div>\n<p>Ja s&#8217;apropa el Nadal i \u00a0per tal que pugueu repassar les can\u00e7ons, sempre que us vingui de gust,\u00a0les teniu penjades al bloc.<\/p>\n<p>&nbsp;<\/p>\n<h4 style=\"text-align: center;\"><strong>2n: Dansa de les Bones Festes<\/strong><\/h4>\n<p>&nbsp;<\/p>\n<p style=\"text-align: left;\"><strong>Dansa de les Bones Festes<\/strong><\/p>\n<div style=\"width: 1280px;\" class=\"wp-video\"><video class=\"wp-video-shortcode\" id=\"video-1058-2\" width=\"1280\" height=\"720\" preload=\"metadata\" controls=\"controls\"><source type=\"video\/mp4\" src=\"http:\/\/agora.xtec.cat\/ceip-joanmiro-barcelona\/wp-content\/uploads\/usu741\/2016\/11\/Dansa-de-les-Bones-Festes.mp4?_=2\" \/><a href=\"http:\/\/agora.xtec.cat\/ceip-joanmiro-barcelona\/wp-content\/uploads\/usu741\/2016\/11\/Dansa-de-les-Bones-Festes.mp4\">http:\/\/agora.xtec.cat\/ceip-joanmiro-barcelona\/wp-content\/uploads\/usu741\/2016\/11\/Dansa-de-les-Bones-Festes.mp4<\/a><\/video><\/div>\n<h4 style=\"text-align: center;\"><\/h4>\n<p>S&#8217;apropa el nadal i per aix\u00f2 a l&#8217;escola hem comen\u00e7at a aprendre la nadala d&#8217;aquest curs anomenada &#8220;Com un estel&#8221;. Aqu\u00ed us la deixem perqu\u00e8 pugueu escoltar-la tantes vegades com vulgueu!<\/p>\n<h4 style=\"text-align: center;\"><strong>3r:\u00a0Com un estel<\/strong><\/h4>\n<p><iframe loading=\"lazy\" title=\"Com un estel\" width=\"500\" height=\"281\" src=\"https:\/\/www.youtube.com\/embed\/_dPCAoP1qcM?feature=oembed\" frameborder=\"0\" allow=\"accelerometer; autoplay; clipboard-write; encrypted-media; gyroscope; picture-in-picture; web-share\" referrerpolicy=\"strict-origin-when-cross-origin\" allowfullscreen><\/iframe><\/p>\n<h4 style=\"text-align: center;\"><strong>4t: V\u00e9nen els tres Reis i Jingle Bell Rock<\/strong><\/h4>\n<p><span style=\"color: #000000;\"><strong>V\u00e9nen els tres Reis<\/strong><\/span><\/p>\n<div style=\"width: 640px;\" class=\"wp-video\"><video class=\"wp-video-shortcode\" id=\"video-1058-3\" width=\"640\" height=\"360\" preload=\"metadata\" controls=\"controls\"><source type=\"video\/mp4\" src=\"http:\/\/agora.xtec.cat\/ceip-joanmiro-barcelona\/wp-content\/uploads\/usu741\/2016\/11\/Venen-els-tres-Reis.mp4?_=3\" \/><a href=\"http:\/\/agora.xtec.cat\/ceip-joanmiro-barcelona\/wp-content\/uploads\/usu741\/2016\/11\/Venen-els-tres-Reis.mp4\">http:\/\/agora.xtec.cat\/ceip-joanmiro-barcelona\/wp-content\/uploads\/usu741\/2016\/11\/Venen-els-tres-Reis.mp4<\/a><\/video><\/div>\n<p>&nbsp;<\/p>\n<p><span style=\"color: #000000;\"><strong>JIngle Bell Rock<\/strong><\/span><\/p>\n<div style=\"width: 320px;\" class=\"wp-video\"><video class=\"wp-video-shortcode\" id=\"video-1058-4\" width=\"320\" height=\"240\" preload=\"metadata\" controls=\"controls\"><source type=\"video\/mp4\" src=\"http:\/\/agora.xtec.cat\/ceip-joanmiro-barcelona\/wp-content\/uploads\/usu741\/2016\/11\/Jingle-Bell-Rock-Lyrics.mp4?_=4\" \/><a href=\"http:\/\/agora.xtec.cat\/ceip-joanmiro-barcelona\/wp-content\/uploads\/usu741\/2016\/11\/Jingle-Bell-Rock-Lyrics.mp4\">http:\/\/agora.xtec.cat\/ceip-joanmiro-barcelona\/wp-content\/uploads\/usu741\/2016\/11\/Jingle-Bell-Rock-Lyrics.mp4<\/a><\/video><\/div>\n<p>&nbsp;<\/p>\n<p>&nbsp;<\/p>\n<h4 style=\"text-align: center;\"><strong>5\u00e8: Vois sur ton chemin, Adeste fideles i el petit vailet<\/strong><\/h4>\n<p>L&#8217;altre dia vam cantar algunes de les can\u00e7ons de cursos anteriors, per tal de fer mem\u00f2ria i sempre que us vingui de gust cantar-les, les teniu penjades al bloc.<\/p>\n<p><span style=\"color: #000000;\"><strong>Vois sur ton chemin<\/strong><\/span><\/p>\n<div style=\"width: 320px;\" class=\"wp-video\"><video class=\"wp-video-shortcode\" id=\"video-1058-5\" width=\"320\" height=\"240\" preload=\"metadata\" controls=\"controls\"><source type=\"video\/mp4\" src=\"http:\/\/agora.xtec.cat\/ceip-joanmiro-barcelona\/wp-content\/uploads\/usu741\/2016\/11\/Vois-Sur-Ton-Chemin.mp4?_=5\" \/><a href=\"http:\/\/agora.xtec.cat\/ceip-joanmiro-barcelona\/wp-content\/uploads\/usu741\/2016\/11\/Vois-Sur-Ton-Chemin.mp4\">http:\/\/agora.xtec.cat\/ceip-joanmiro-barcelona\/wp-content\/uploads\/usu741\/2016\/11\/Vois-Sur-Ton-Chemin.mp4<\/a><\/video><\/div>\n<p>&nbsp;<\/p>\n<p><span style=\"color: #000000;\"><strong>Adeste fideles<\/strong><\/span><\/p>\n<div style=\"width: 640px;\" class=\"wp-video\"><video class=\"wp-video-shortcode\" id=\"video-1058-6\" width=\"640\" height=\"360\" preload=\"metadata\" controls=\"controls\"><source type=\"video\/webm\" src=\"http:\/\/agora.xtec.cat\/ceip-joanmiro-barcelona\/wp-content\/uploads\/usu741\/2016\/11\/Adeste-Fideles-con-Letra-1.webm?_=6\" \/><a href=\"http:\/\/agora.xtec.cat\/ceip-joanmiro-barcelona\/wp-content\/uploads\/usu741\/2016\/11\/Adeste-Fideles-con-Letra-1.webm\">http:\/\/agora.xtec.cat\/ceip-joanmiro-barcelona\/wp-content\/uploads\/usu741\/2016\/11\/Adeste-Fideles-con-Letra-1.webm<\/a><\/video><\/div>\n<p>&nbsp;<\/p>\n<p><span style=\"color: #000000;\"><strong>El petit vailet<\/strong><\/span><\/p>\n<div style=\"width: 640px;\" class=\"wp-video\"><video class=\"wp-video-shortcode\" id=\"video-1058-7\" width=\"640\" height=\"360\" preload=\"metadata\" controls=\"controls\"><source type=\"video\/webm\" src=\"http:\/\/agora.xtec.cat\/ceip-joanmiro-barcelona\/wp-content\/uploads\/usu741\/2016\/11\/El-Petit-Vailet-amb-M\u00fasica-i-Lletra-Coral-El-Virolet.webm?_=7\" \/><a href=\"http:\/\/agora.xtec.cat\/ceip-joanmiro-barcelona\/wp-content\/uploads\/usu741\/2016\/11\/El-Petit-Vailet-amb-M\u00fasica-i-Lletra-Coral-El-Virolet.webm\">http:\/\/agora.xtec.cat\/ceip-joanmiro-barcelona\/wp-content\/uploads\/usu741\/2016\/11\/El-Petit-Vailet-amb-M\u00fasica-i-Lletra-Coral-El-Virolet.webm<\/a><\/video><\/div>\n<p style=\"text-align: center;\"><img loading=\"lazy\" decoding=\"async\" class=\"\" src=\"http:\/\/4.bp.blogspot.com\/-S_stro5Ud1c\/VJiFnKEDItI\/AAAAAAAAd1g\/MYog6lOiECk\/s1600\/animation1.gif\" alt=\"Resultado de imagen de imatges nadalenques divertides\" width=\"84\" height=\"92\" \/><\/p>\n","protected":false},"excerpt":{"rendered":"<p>Ja s&#8217;apropa el Nadal i  per tal que pugueu repassar les can\u00e7ons, sempre que us vingui de gust.&hellip;  <a href=\"https:\/\/agora.xtec.cat\/ceip-joanmiro-barcelona\/primaria\/nadales\/\" title=\"Read Nadales\">Llegeix m\u00e9s\u00bb<\/a><\/p>\n","protected":false},"author":12,"featured_media":1102,"comment_status":"open","ping_status":"open","sticky":false,"template":"","format":"standard","meta":{"_bbp_topic_count":0,"_bbp_reply_count":0,"_bbp_total_topic_count":0,"_bbp_total_reply_count":0,"_bbp_voice_count":0,"_bbp_anonymous_reply_count":0,"_bbp_topic_count_hidden":0,"_bbp_reply_count_hidden":0,"_bbp_forum_subforum_count":0,"footnotes":""},"categories":[32,5,14,13,12,11,10],"tags":[86,99,87,119,82,54,56,98,81],"class_list":["post-1058","post","type-post","status-publish","format-standard","has-post-thumbnail","hentry","category-nadal","category-primaria","category-promocio2018","category-promocio2019","category-promocio2020","category-promocio2021","category-promocio2022","tag-cassiopea","tag-egipcis-i-egipcies","tag-estrella-polar","tag-everest","tag-fons-mari","tag-pica-destats","tag-pol-nord","tag-romans-i-romanes","tag-sabana"],"post_mailing_queue_ids":[],"_links":{"self":[{"href":"https:\/\/agora.xtec.cat\/ceip-joanmiro-barcelona\/wp-json\/wp\/v2\/posts\/1058","targetHints":{"allow":["GET"]}}],"collection":[{"href":"https:\/\/agora.xtec.cat\/ceip-joanmiro-barcelona\/wp-json\/wp\/v2\/posts"}],"about":[{"href":"https:\/\/agora.xtec.cat\/ceip-joanmiro-barcelona\/wp-json\/wp\/v2\/types\/post"}],"author":[{"embeddable":true,"href":"https:\/\/agora.xtec.cat\/ceip-joanmiro-barcelona\/wp-json\/wp\/v2\/users\/12"}],"replies":[{"embeddable":true,"href":"https:\/\/agora.xtec.cat\/ceip-joanmiro-barcelona\/wp-json\/wp\/v2\/comments?post=1058"}],"version-history":[{"count":3,"href":"https:\/\/agora.xtec.cat\/ceip-joanmiro-barcelona\/wp-json\/wp\/v2\/posts\/1058\/revisions"}],"predecessor-version":[{"id":1309,"href":"https:\/\/agora.xtec.cat\/ceip-joanmiro-barcelona\/wp-json\/wp\/v2\/posts\/1058\/revisions\/1309"}],"wp:featuredmedia":[{"embeddable":true,"href":"https:\/\/agora.xtec.cat\/ceip-joanmiro-barcelona\/wp-json\/wp\/v2\/media\/1102"}],"wp:attachment":[{"href":"https:\/\/agora.xtec.cat\/ceip-joanmiro-barcelona\/wp-json\/wp\/v2\/media?parent=1058"}],"wp:term":[{"taxonomy":"category","embeddable":true,"href":"https:\/\/agora.xtec.cat\/ceip-joanmiro-barcelona\/wp-json\/wp\/v2\/categories?post=1058"},{"taxonomy":"post_tag","embeddable":true,"href":"https:\/\/agora.xtec.cat\/ceip-joanmiro-barcelona\/wp-json\/wp\/v2\/tags?post=1058"}],"curies":[{"name":"wp","href":"https:\/\/api.w.org\/{rel}","templated":true}]}}