{"id":10511,"date":"2023-03-02T15:52:30","date_gmt":"2023-03-02T14:52:30","guid":{"rendered":"https:\/\/agora.xtec.cat\/ceip-joanmiro-barcelona\/?p=10511"},"modified":"2023-03-02T15:56:40","modified_gmt":"2023-03-02T14:56:40","slug":"sortida-al-palau-de-la-musica","status":"publish","type":"post","link":"https:\/\/agora.xtec.cat\/ceip-joanmiro-barcelona\/general\/sortida-al-palau-de-la-musica\/","title":{"rendered":"Sortida al Palau de la M\u00fasica"},"content":{"rendered":"<p style=\"text-align: left;\"><span style=\"font-weight: 400;\">El dia 12 de desembre del 2022 vam marxar al palau de la m\u00fasica, i<\/span><span style=\"font-weight: 400;\"> vam anar a veure l&#8217;obra de Beat Box. Vam decidir agafar el metro a la parada de Rocafort, van ser 7 o 8 parades fins a baixar a la parada d&#8217;Urquinaona. Vam caminar uns 10 minuts aproximadament des de la parada del metro al Palau. Una vegada dins del palau de la m\u00fasica, les mestres ens van guiar als seients Vam arribar al Palau de la M\u00fasica, vam seure a les cinc primeres files, primer va seure Madagascar i despr\u00e9s Hawaii.<\/span><\/p>\n<p><span style=\"font-weight: 400;\">Va comen\u00e7ar l&#8217;obra de teatre amb una m\u00fasica de l&#8217;\u00c0frica, van utilitzar una llan\u00e7a de joguina per fer m\u00e9s divertida l&#8217;actuaci\u00f3, despr\u00e9s vam escoltar les altres m\u00fasiques, i per \u00faltim es van acomiadar d&#8217;una forma molt peculiar, que va ser amb balls de videojocs o d&#8217;altres tipus.<\/span><\/p>\n<p><span style=\"font-weight: 400;\">Vam fer el mateix trajecte per tornar a l&#8217;escola a l&#8217;hora de dinar.<\/span><\/p>\n<p>Nosaltres el que millorar\u00edem seria que l&#8217;<span style=\"font-weight: 400;\">obra fos m\u00e9s variada i que les coreografies fossin m\u00e9s elaborades.<\/span><\/p>\n<p>Rita, Fabi\u00e1n, Roc i Ariadna<\/p>\n<p>&nbsp;<\/p>\n<p><a href=\"https:\/\/agora.xtec.cat\/ceip-joanmiro-barcelona\/wp-content\/uploads\/usu741\/2023\/03\/IMG-4938-scaled.jpg\"><img loading=\"lazy\" decoding=\"async\" class=\"alignnone size-large wp-image-10513\" src=\"https:\/\/agora.xtec.cat\/ceip-joanmiro-barcelona\/wp-content\/uploads\/usu741\/2023\/03\/IMG-4938-1024x768.jpg\" alt=\"\" width=\"1024\" height=\"768\" srcset=\"https:\/\/agora.xtec.cat\/ceip-joanmiro-barcelona\/wp-content\/uploads\/usu741\/2023\/03\/IMG-4938-1024x768.jpg 1024w, https:\/\/agora.xtec.cat\/ceip-joanmiro-barcelona\/wp-content\/uploads\/usu741\/2023\/03\/IMG-4938-300x225.jpg 300w, https:\/\/agora.xtec.cat\/ceip-joanmiro-barcelona\/wp-content\/uploads\/usu741\/2023\/03\/IMG-4938-768x576.jpg 768w, https:\/\/agora.xtec.cat\/ceip-joanmiro-barcelona\/wp-content\/uploads\/usu741\/2023\/03\/IMG-4938-1536x1152.jpg 1536w, https:\/\/agora.xtec.cat\/ceip-joanmiro-barcelona\/wp-content\/uploads\/usu741\/2023\/03\/IMG-4938-2048x1536.jpg 2048w, https:\/\/agora.xtec.cat\/ceip-joanmiro-barcelona\/wp-content\/uploads\/usu741\/2023\/03\/IMG-4938-200x150.jpg 200w\" sizes=\"auto, (max-width: 1024px) 100vw, 1024px\" \/><\/a> <a href=\"https:\/\/agora.xtec.cat\/ceip-joanmiro-barcelona\/wp-content\/uploads\/usu741\/2023\/03\/IMG-4939-scaled.jpg\"><img loading=\"lazy\" decoding=\"async\" class=\"alignnone size-large wp-image-10514\" src=\"https:\/\/agora.xtec.cat\/ceip-joanmiro-barcelona\/wp-content\/uploads\/usu741\/2023\/03\/IMG-4939-1024x768.jpg\" alt=\"\" width=\"1024\" height=\"768\" srcset=\"https:\/\/agora.xtec.cat\/ceip-joanmiro-barcelona\/wp-content\/uploads\/usu741\/2023\/03\/IMG-4939-1024x768.jpg 1024w, https:\/\/agora.xtec.cat\/ceip-joanmiro-barcelona\/wp-content\/uploads\/usu741\/2023\/03\/IMG-4939-300x225.jpg 300w, https:\/\/agora.xtec.cat\/ceip-joanmiro-barcelona\/wp-content\/uploads\/usu741\/2023\/03\/IMG-4939-768x576.jpg 768w, https:\/\/agora.xtec.cat\/ceip-joanmiro-barcelona\/wp-content\/uploads\/usu741\/2023\/03\/IMG-4939-1536x1152.jpg 1536w, https:\/\/agora.xtec.cat\/ceip-joanmiro-barcelona\/wp-content\/uploads\/usu741\/2023\/03\/IMG-4939-2048x1536.jpg 2048w, https:\/\/agora.xtec.cat\/ceip-joanmiro-barcelona\/wp-content\/uploads\/usu741\/2023\/03\/IMG-4939-200x150.jpg 200w\" sizes=\"auto, (max-width: 1024px) 100vw, 1024px\" \/><\/a><\/p>\n","protected":false},"excerpt":{"rendered":"<p>El dia 12 de desembre del 2022 vam marxar al palau de la m\u00fasica, i vam anar a veure l&#8217;obra de Beat Box. Vam decidir agafar el metro a la parada de Rocafort, van ser 7 o 8 parades fins a baixar a la parada&hellip;  <a href=\"https:\/\/agora.xtec.cat\/ceip-joanmiro-barcelona\/general\/sortida-al-palau-de-la-musica\/\" title=\"Read Sortida al Palau de la M\u00fasica\">Llegeix m\u00e9s\u00bb<\/a><\/p>\n","protected":false},"author":116,"featured_media":10512,"comment_status":"open","ping_status":"closed","sticky":false,"template":"","format":"standard","meta":{"_bbp_topic_count":0,"_bbp_reply_count":0,"_bbp_total_topic_count":0,"_bbp_total_reply_count":0,"_bbp_voice_count":0,"_bbp_anonymous_reply_count":0,"_bbp_topic_count_hidden":0,"_bbp_reply_count_hidden":0,"_bbp_forum_subforum_count":0,"footnotes":""},"categories":[1,4,5,8],"tags":[263,237,236,250,262],"class_list":["post-10511","post","type-post","status-publish","format-standard","has-post-thumbnail","hentry","category-general","category-portada","category-primaria","category-promocio2024","tag-cs","tag-hawaii","tag-madagascar","tag-musica","tag-sortida"],"post_mailing_queue_ids":[],"_links":{"self":[{"href":"https:\/\/agora.xtec.cat\/ceip-joanmiro-barcelona\/wp-json\/wp\/v2\/posts\/10511","targetHints":{"allow":["GET"]}}],"collection":[{"href":"https:\/\/agora.xtec.cat\/ceip-joanmiro-barcelona\/wp-json\/wp\/v2\/posts"}],"about":[{"href":"https:\/\/agora.xtec.cat\/ceip-joanmiro-barcelona\/wp-json\/wp\/v2\/types\/post"}],"author":[{"embeddable":true,"href":"https:\/\/agora.xtec.cat\/ceip-joanmiro-barcelona\/wp-json\/wp\/v2\/users\/116"}],"replies":[{"embeddable":true,"href":"https:\/\/agora.xtec.cat\/ceip-joanmiro-barcelona\/wp-json\/wp\/v2\/comments?post=10511"}],"version-history":[{"count":2,"href":"https:\/\/agora.xtec.cat\/ceip-joanmiro-barcelona\/wp-json\/wp\/v2\/posts\/10511\/revisions"}],"predecessor-version":[{"id":10516,"href":"https:\/\/agora.xtec.cat\/ceip-joanmiro-barcelona\/wp-json\/wp\/v2\/posts\/10511\/revisions\/10516"}],"wp:featuredmedia":[{"embeddable":true,"href":"https:\/\/agora.xtec.cat\/ceip-joanmiro-barcelona\/wp-json\/wp\/v2\/media\/10512"}],"wp:attachment":[{"href":"https:\/\/agora.xtec.cat\/ceip-joanmiro-barcelona\/wp-json\/wp\/v2\/media?parent=10511"}],"wp:term":[{"taxonomy":"category","embeddable":true,"href":"https:\/\/agora.xtec.cat\/ceip-joanmiro-barcelona\/wp-json\/wp\/v2\/categories?post=10511"},{"taxonomy":"post_tag","embeddable":true,"href":"https:\/\/agora.xtec.cat\/ceip-joanmiro-barcelona\/wp-json\/wp\/v2\/tags?post=10511"}],"curies":[{"name":"wp","href":"https:\/\/api.w.org\/{rel}","templated":true}]}}