{"id":10152,"date":"2023-01-16T13:46:16","date_gmt":"2023-01-16T12:46:16","guid":{"rendered":"https:\/\/agora.xtec.cat\/ceip-joanmiro-barcelona\/?p=10152"},"modified":"2023-01-16T13:57:25","modified_gmt":"2023-01-16T12:57:25","slug":"projecte-de-lhort","status":"publish","type":"post","link":"https:\/\/agora.xtec.cat\/ceip-joanmiro-barcelona\/general\/projecte-de-lhort\/","title":{"rendered":"Projecte de l&#8217;hort"},"content":{"rendered":"<p><span style=\"font-weight: 400;\">Els alumnes de 5\u00e8 Hawaii i Madagascar estem treballant el tema de l&#8217;hort. A l&#8217;escola hem fet diferents treballs: els pl\u00e0nols del nostre hort i ho estem fent perqu\u00e8 a medi estem treballant tot el que hi ha a l&#8217;hort.<\/span><\/p>\n<p><span style=\"font-weight: 400;\">En canvi, l&#8217;altra activitat \u00e9s una presentaci\u00f3 de Google, sobre diferents temes de l&#8217;hort, com per exemple les plantes, la terra i tot el que hi ha a l&#8217;hort.<\/span><\/p>\n<p><span style=\"font-weight: 400;\">S&#8217;ha recollit tota la informaci\u00f3 i l\u2019hem posat en un document i un cop recollida tota la informaci\u00f3 de totes les preguntes ho passem a presentar a la presentaci\u00f3 de Google o al Canva.<\/span><\/p>\n<p><span style=\"font-weight: 400;\">Tamb\u00e9 hem fet una sortida a Vallvidrera. Vam anar el 27 d\u2019octubre. Vam anar caminant fins a la parada de metro Rocafort, i vam agafar la l\u00ednia vermella fins a pla\u00e7a Espanya, i despr\u00e9s vam agafar el funicular.<\/span><\/p>\n<p><span style=\"font-weight: 400;\">En la sortida que hem fet a Vallvidrera ens van explicar com es diuen algunes plantes i despr\u00e9s ens van ensenyar com funcionava una m\u00e0quina de compost i despr\u00e9s vam anar a una pista que ens van donar troncs petits que estaven en una taula, i cartr\u00f3 per enrotllar els troncs.<\/span><\/p>\n<p><span style=\"font-weight: 400;\">Ens ho vam passar molt b\u00e9 i el projecte de l\u2019hort est\u00e0 sent s\u00faper divertit! Us recomanem aquesta sortida a Vallvidrera.<\/span><\/p>\n<p><a href=\"https:\/\/drive.google.com\/drive\/folders\/1fH9udKnEApHwpLX3tUi_9GELbx5RUTQR?usp=sharing\">Fotografies sortida<\/a><\/p>\n<p><span style=\"font-weight: 400;\">Kaiwen, Mar, Dina i Quim<\/span><\/p>\n","protected":false},"excerpt":{"rendered":"<p>Els alumnes de 5\u00e8 Hawaii i Madagascar estem treballant el tema de l&#8217;hort. A l&#8217;escola hem fet diferents treballs: els pl\u00e0nols del nostre hort i ho estem fent perqu\u00e8 a medi estem treballant tot el que hi ha a l&#8217;hort.<br \/>\nEn canvi, l&#8217;altra activitat \u00e9s una&hellip;  <a href=\"https:\/\/agora.xtec.cat\/ceip-joanmiro-barcelona\/general\/projecte-de-lhort\/\" title=\"Read Projecte de l&#8217;hort\">Llegeix m\u00e9s\u00bb<\/a><\/p>\n","protected":false},"author":116,"featured_media":10288,"comment_status":"open","ping_status":"closed","sticky":false,"template":"","format":"standard","meta":{"_bbp_topic_count":0,"_bbp_reply_count":0,"_bbp_total_topic_count":0,"_bbp_total_reply_count":0,"_bbp_voice_count":0,"_bbp_anonymous_reply_count":0,"_bbp_topic_count_hidden":0,"_bbp_reply_count_hidden":0,"_bbp_forum_subforum_count":0,"footnotes":""},"categories":[1,4,8],"tags":[260,259,42,256,258,257],"class_list":["post-10152","post","type-post","status-publish","format-standard","has-post-thumbnail","hentry","category-general","category-portada","category-promocio2024","tag-agricultura-ecologica","tag-compost","tag-hort","tag-plantes","tag-terra","tag-vallvidrera"],"post_mailing_queue_ids":[],"_links":{"self":[{"href":"https:\/\/agora.xtec.cat\/ceip-joanmiro-barcelona\/wp-json\/wp\/v2\/posts\/10152","targetHints":{"allow":["GET"]}}],"collection":[{"href":"https:\/\/agora.xtec.cat\/ceip-joanmiro-barcelona\/wp-json\/wp\/v2\/posts"}],"about":[{"href":"https:\/\/agora.xtec.cat\/ceip-joanmiro-barcelona\/wp-json\/wp\/v2\/types\/post"}],"author":[{"embeddable":true,"href":"https:\/\/agora.xtec.cat\/ceip-joanmiro-barcelona\/wp-json\/wp\/v2\/users\/116"}],"replies":[{"embeddable":true,"href":"https:\/\/agora.xtec.cat\/ceip-joanmiro-barcelona\/wp-json\/wp\/v2\/comments?post=10152"}],"version-history":[{"count":4,"href":"https:\/\/agora.xtec.cat\/ceip-joanmiro-barcelona\/wp-json\/wp\/v2\/posts\/10152\/revisions"}],"predecessor-version":[{"id":10287,"href":"https:\/\/agora.xtec.cat\/ceip-joanmiro-barcelona\/wp-json\/wp\/v2\/posts\/10152\/revisions\/10287"}],"wp:featuredmedia":[{"embeddable":true,"href":"https:\/\/agora.xtec.cat\/ceip-joanmiro-barcelona\/wp-json\/wp\/v2\/media\/10288"}],"wp:attachment":[{"href":"https:\/\/agora.xtec.cat\/ceip-joanmiro-barcelona\/wp-json\/wp\/v2\/media?parent=10152"}],"wp:term":[{"taxonomy":"category","embeddable":true,"href":"https:\/\/agora.xtec.cat\/ceip-joanmiro-barcelona\/wp-json\/wp\/v2\/categories?post=10152"},{"taxonomy":"post_tag","embeddable":true,"href":"https:\/\/agora.xtec.cat\/ceip-joanmiro-barcelona\/wp-json\/wp\/v2\/tags?post=10152"}],"curies":[{"name":"wp","href":"https:\/\/api.w.org\/{rel}","templated":true}]}}