{"id":10145,"date":"2022-12-12T15:46:58","date_gmt":"2022-12-12T14:46:58","guid":{"rendered":"https:\/\/agora.xtec.cat\/ceip-joanmiro-barcelona\/?p=10145"},"modified":"2023-01-10T21:27:21","modified_gmt":"2023-01-10T20:27:21","slug":"igualtat-de-genere-bloggers","status":"publish","type":"post","link":"https:\/\/agora.xtec.cat\/ceip-joanmiro-barcelona\/general\/igualtat-de-genere-bloggers\/","title":{"rendered":"Igualtat de g\u00e8nere.Bloggers"},"content":{"rendered":"<p><strong>IGUALTAT DE G\u00c8NERE<\/strong><\/p>\n<p><span style=\"font-weight: 400;\">L&#8217;any passat vam comen\u00e7ar el tema de la<strong> igualtat de g\u00e8nere<\/strong>. Nosaltres pensem que per ser un nen o nena ni els colors ni les joguines han de definir el g\u00e8nere. Tamb\u00e9 volem parlar sobre la comunitat dels gais i lesbianes. Hem volgut fer unes preguntes alguns nens i nenes de 6\u00e8 J\u00fapiter i Ur\u00e0.<\/span><\/p>\n<p><span style=\"font-weight: 400;\">Quan dues persones<strong> s&#8217;estimen<\/strong> creus que \u00e9s<strong> important el g\u00e8nere<\/strong>?<\/span><\/p>\n<p><span style=\"font-weight: 400;\">Aran A.<\/span><\/p>\n<p><span style=\"font-weight: 400;\">No, perqu\u00e8 cada persona li pot agradar a qui vulgui, sigui noi o noia.<\/span><\/p>\n<p><span style=\"font-weight: 400;\">Si algun amic o amiga et diu que es gai o lesbiana deixar\u00e0s de ser el seu amic? Per qu\u00e8?<\/span><\/p>\n<p><span style=\"font-weight: 400;\">SARA<\/span><\/p>\n<p><span style=\"font-weight: 400;\">No, no m&#8217;importa. Perqu\u00e8 s\u00f3n persones com tothom i no trobo motiu per a qu\u00e8 jutjar-les.<\/span><\/p>\n<p><strong>Nosaltres tenim el poder de canviar el m\u00f3n.<\/strong><\/p>\n<p>Qiaohui, Alex L, Anirudh i Puneet<\/p>\n","protected":false},"excerpt":{"rendered":"<p>IGUALTAT DE G\u00c8NERE<br \/>\nL&#8217;any passat vam comen\u00e7ar el tema de la igualtat de g\u00e8nere. Nosaltres pensem que per ser un nen o nena ni els colors ni les joguines han de definir el g\u00e8nere. Tamb\u00e9 volem parlar sobre la comunitat dels gais i lesbianes. Hem volgut&hellip;  <a href=\"https:\/\/agora.xtec.cat\/ceip-joanmiro-barcelona\/general\/igualtat-de-genere-bloggers\/\" title=\"Read Igualtat de g\u00e8nere.Bloggers\">Llegeix m\u00e9s\u00bb<\/a><\/p>\n","protected":false},"author":1,"featured_media":10147,"comment_status":"open","ping_status":"closed","sticky":false,"template":"","format":"standard","meta":{"_bbp_topic_count":0,"_bbp_reply_count":0,"_bbp_total_topic_count":0,"_bbp_total_reply_count":0,"_bbp_voice_count":0,"_bbp_anonymous_reply_count":0,"_bbp_topic_count_hidden":0,"_bbp_reply_count_hidden":0,"_bbp_forum_subforum_count":0,"footnotes":""},"categories":[1,4,5,9],"tags":[201,202],"class_list":["post-10145","post","type-post","status-publish","format-standard","has-post-thumbnail","hentry","category-general","category-portada","category-primaria","category-promocio2023","tag-jupiter","tag-ura"],"post_mailing_queue_ids":[],"_links":{"self":[{"href":"https:\/\/agora.xtec.cat\/ceip-joanmiro-barcelona\/wp-json\/wp\/v2\/posts\/10145","targetHints":{"allow":["GET"]}}],"collection":[{"href":"https:\/\/agora.xtec.cat\/ceip-joanmiro-barcelona\/wp-json\/wp\/v2\/posts"}],"about":[{"href":"https:\/\/agora.xtec.cat\/ceip-joanmiro-barcelona\/wp-json\/wp\/v2\/types\/post"}],"author":[{"embeddable":true,"href":"https:\/\/agora.xtec.cat\/ceip-joanmiro-barcelona\/wp-json\/wp\/v2\/users\/1"}],"replies":[{"embeddable":true,"href":"https:\/\/agora.xtec.cat\/ceip-joanmiro-barcelona\/wp-json\/wp\/v2\/comments?post=10145"}],"version-history":[{"count":1,"href":"https:\/\/agora.xtec.cat\/ceip-joanmiro-barcelona\/wp-json\/wp\/v2\/posts\/10145\/revisions"}],"predecessor-version":[{"id":10148,"href":"https:\/\/agora.xtec.cat\/ceip-joanmiro-barcelona\/wp-json\/wp\/v2\/posts\/10145\/revisions\/10148"}],"wp:featuredmedia":[{"embeddable":true,"href":"https:\/\/agora.xtec.cat\/ceip-joanmiro-barcelona\/wp-json\/wp\/v2\/media\/10147"}],"wp:attachment":[{"href":"https:\/\/agora.xtec.cat\/ceip-joanmiro-barcelona\/wp-json\/wp\/v2\/media?parent=10145"}],"wp:term":[{"taxonomy":"category","embeddable":true,"href":"https:\/\/agora.xtec.cat\/ceip-joanmiro-barcelona\/wp-json\/wp\/v2\/categories?post=10145"},{"taxonomy":"post_tag","embeddable":true,"href":"https:\/\/agora.xtec.cat\/ceip-joanmiro-barcelona\/wp-json\/wp\/v2\/tags?post=10145"}],"curies":[{"name":"wp","href":"https:\/\/api.w.org\/{rel}","templated":true}]}}