{"id":7,"count":19,"description":"<h5>Aqu\u00ed trobareu totes les not\u00edcies relacionades de l'escola amb L'AFA , si voleu m\u00e9s informaci\u00f3, aneu a la seva p\u00e0gina web.<\/h5>\r\n<a href=\"https:\/\/agora.xtec.cat\/ceip-joanmiro-barcelona\/wp-content\/uploads\/usu741\/2024\/11\/logo-AFA.png\"><img class=\"wp-image-12322 alignright\" src=\"https:\/\/agora.xtec.cat\/ceip-joanmiro-barcelona\/wp-content\/uploads\/usu741\/2024\/11\/logo-AFA.png\" alt=\"\" width=\"217\" height=\"217\" \/><\/a>","link":"https:\/\/agora.xtec.cat\/ceip-joanmiro-barcelona\/categoria\/portada\/afa\/","name":"AFA","slug":"afa","taxonomy":"category","parent":4,"meta":[],"_links":{"self":[{"href":"https:\/\/agora.xtec.cat\/ceip-joanmiro-barcelona\/wp-json\/wp\/v2\/categories\/7","targetHints":{"allow":["GET"]}}],"collection":[{"href":"https:\/\/agora.xtec.cat\/ceip-joanmiro-barcelona\/wp-json\/wp\/v2\/categories"}],"about":[{"href":"https:\/\/agora.xtec.cat\/ceip-joanmiro-barcelona\/wp-json\/wp\/v2\/taxonomies\/category"}],"up":[{"embeddable":true,"href":"https:\/\/agora.xtec.cat\/ceip-joanmiro-barcelona\/wp-json\/wp\/v2\/categories\/4"}],"wp:post_type":[{"href":"https:\/\/agora.xtec.cat\/ceip-joanmiro-barcelona\/wp-json\/wp\/v2\/posts?categories=7"}],"curies":[{"name":"wp","href":"https:\/\/api.w.org\/{rel}","templated":true}]}}