{"id":993,"date":"2018-02-14T06:34:18","date_gmt":"2018-02-14T05:34:18","guid":{"rendered":"http:\/\/agora.xtec.cat\/ceip-joan-coret\/?p=993"},"modified":"2018-02-23T09:12:35","modified_gmt":"2018-02-23T08:12:35","slug":"cooperatives-de-5e","status":"publish","type":"post","link":"https:\/\/agora.xtec.cat\/ceip-joan-coret\/portada\/cooperatives-de-5e\/","title":{"rendered":"Cooperatives de 5\u00e8"},"content":{"rendered":"<p style=\"text-align: center;\">Continuem treballant amb el projecte de cultura emprenedora a l&#8217;escola. Ja tenim els noms i logos de les dues cooperatives. Cadasc\u00fa ha fet un prototip i l&#8217;ha presentat a la resta de companys. Hem escollit uns quants i despr\u00e9s hem fet un estudi de mercat per saber l&#8217;opini\u00f3 de les fam\u00edlies de l&#8217;escola.<\/p>\n<p>Estem molt engrescats amb aquest projecte.<\/p>\n<p>Us deixem un recull de fotos perqu\u00e8 pugueu veure tota la feina que anem fent.<\/p>\n<p><a href=\"https:\/\/photos.app.goo.gl\/TjaqesKnvDLnL6853\" target=\"_blank\" rel=\"noopener noreferrer\">https:\/\/photos.app.goo.gl\/TjaqesKnvDLnL6853<\/a><\/p>\n","protected":false},"excerpt":{"rendered":"<p>Continuem treballant amb el projecte de cultura emprenedora a l&#8217;escola. Ja tenim els noms i logos de les dues cooperatives. Cadasc\u00fa ha fet un prototip i l&#8217;ha presentat a la resta de companys. Hem escollit uns quants i despr\u00e9s hem fet un estudi de mercat&hellip;  <a href=\"https:\/\/agora.xtec.cat\/ceip-joan-coret\/portada\/cooperatives-de-5e\/\" title=\"Read Cooperatives de 5\u00e8\">Llegeix m\u00e9s\u00bb<\/a><\/p>\n","protected":false},"author":2,"featured_media":0,"comment_status":"open","ping_status":"closed","sticky":false,"template":"","format":"standard","meta":{"_bbp_topic_count":0,"_bbp_reply_count":0,"_bbp_total_topic_count":0,"_bbp_total_reply_count":0,"_bbp_voice_count":0,"_bbp_anonymous_reply_count":0,"_bbp_topic_count_hidden":0,"_bbp_reply_count_hidden":0,"_bbp_forum_subforum_count":0,"footnotes":""},"categories":[14,4],"tags":[],"class_list":["post-993","post","type-post","status-publish","format-standard","hentry","category-5e","category-portada"],"post_mailing_queue_ids":[],"_links":{"self":[{"href":"https:\/\/agora.xtec.cat\/ceip-joan-coret\/wp-json\/wp\/v2\/posts\/993","targetHints":{"allow":["GET"]}}],"collection":[{"href":"https:\/\/agora.xtec.cat\/ceip-joan-coret\/wp-json\/wp\/v2\/posts"}],"about":[{"href":"https:\/\/agora.xtec.cat\/ceip-joan-coret\/wp-json\/wp\/v2\/types\/post"}],"author":[{"embeddable":true,"href":"https:\/\/agora.xtec.cat\/ceip-joan-coret\/wp-json\/wp\/v2\/users\/2"}],"replies":[{"embeddable":true,"href":"https:\/\/agora.xtec.cat\/ceip-joan-coret\/wp-json\/wp\/v2\/comments?post=993"}],"version-history":[{"count":3,"href":"https:\/\/agora.xtec.cat\/ceip-joan-coret\/wp-json\/wp\/v2\/posts\/993\/revisions"}],"predecessor-version":[{"id":1048,"href":"https:\/\/agora.xtec.cat\/ceip-joan-coret\/wp-json\/wp\/v2\/posts\/993\/revisions\/1048"}],"wp:attachment":[{"href":"https:\/\/agora.xtec.cat\/ceip-joan-coret\/wp-json\/wp\/v2\/media?parent=993"}],"wp:term":[{"taxonomy":"category","embeddable":true,"href":"https:\/\/agora.xtec.cat\/ceip-joan-coret\/wp-json\/wp\/v2\/categories?post=993"},{"taxonomy":"post_tag","embeddable":true,"href":"https:\/\/agora.xtec.cat\/ceip-joan-coret\/wp-json\/wp\/v2\/tags?post=993"}],"curies":[{"name":"wp","href":"https:\/\/api.w.org\/{rel}","templated":true}]}}