{"id":983,"date":"2018-02-02T13:00:30","date_gmt":"2018-02-02T12:00:30","guid":{"rendered":"http:\/\/agora.xtec.cat\/ceip-joan-coret\/?p=983"},"modified":"2018-02-05T12:51:22","modified_gmt":"2018-02-05T11:51:22","slug":"practiquem-la-multiplicacio","status":"publish","type":"post","link":"https:\/\/agora.xtec.cat\/ceip-joan-coret\/primaria\/3r\/practiquem-la-multiplicacio\/","title":{"rendered":"PRACTIQUEM LA MULTIPLICACI\u00d3"},"content":{"rendered":"<p>Hola, aqu\u00ed us deixem uns enlla\u00e7os per a poder practicar les taules de multiplicar. Molts \u00e0nims nois i noies de tercer!<\/p>\n<p>Les tutores de tercer.<\/p>\n<p><a href=\"http:\/\/www.xtec.cat\/ceiplesmoreres\/activitats\/matematiques\/taules.htm\">http:\/\/clic.xtec.cat\/db\/jclicApplet.jsp?project=http:\/\/clic.xtec.cat\/projects\/imultipl\/jclic\/imultipl.jclic.zip&amp;lang=ca&amp;title=La%2Bmultiplicaci%C3%B3<\/a><\/p>\n<p><a href=\"http:\/\/www.xtec.cat\/ceiplesmoreres\/activitats\/matematiques\/taules.htm\">http:\/\/www.xtec.cat\/ceiplesmoreres\/activitats\/matematiques\/taules.htm<\/a><\/p>\n<p><a href=\"https:\/\/youtu.be\/RZj2JNlJSy0\">https:\/\/youtu.be\/RZj2JNlJSy0<\/a><\/p>\n<p>&nbsp;<\/p>\n","protected":false},"excerpt":{"rendered":"<p>Hola, aqu\u00ed us deixem uns enlla\u00e7os per a poder practicar les taules de multiplicar. Molts \u00e0nims nois i noies de tercer!<br \/>\nLes tutores de tercer.<br \/>\n<a href=\"http:\/\/www.xtec.cat\/ceiplesmoreres\/activitats\/matematiques\/taules.htm\">http:\/\/clic.xtec.cat\/db\/jclicApplet.jsp?project=http:\/\/clic.xtec.cat\/projects\/imultipl\/jclic\/imultipl.jclic.zip&amp;lang=ca&amp;title=La%2Bmultiplicaci%C3%B3<\/a><br \/>\n<a href=\"http:\/\/www.xtec.cat\/ceiplesmoreres\/activitats\/matematiques\/taules.htm\">http:\/\/www.xtec.cat\/ceiplesmoreres\/activitats\/matematiques\/taules.htm<\/a><br \/>\n<a href=\"https:\/\/youtu.be\/RZj2JNlJSy0\">https:\/\/youtu.be\/RZj2JNlJSy0<\/a><br \/>\n&nbsp;<\/p>\n","protected":false},"author":2,"featured_media":985,"comment_status":"open","ping_status":"closed","sticky":false,"template":"","format":"standard","meta":{"_bbp_topic_count":0,"_bbp_reply_count":0,"_bbp_total_topic_count":0,"_bbp_total_reply_count":0,"_bbp_voice_count":0,"_bbp_anonymous_reply_count":0,"_bbp_topic_count_hidden":0,"_bbp_reply_count_hidden":0,"_bbp_forum_subforum_count":0,"footnotes":""},"categories":[12],"tags":[],"class_list":["post-983","post","type-post","status-publish","format-standard","has-post-thumbnail","hentry","category-3r"],"post_mailing_queue_ids":[],"_links":{"self":[{"href":"https:\/\/agora.xtec.cat\/ceip-joan-coret\/wp-json\/wp\/v2\/posts\/983","targetHints":{"allow":["GET"]}}],"collection":[{"href":"https:\/\/agora.xtec.cat\/ceip-joan-coret\/wp-json\/wp\/v2\/posts"}],"about":[{"href":"https:\/\/agora.xtec.cat\/ceip-joan-coret\/wp-json\/wp\/v2\/types\/post"}],"author":[{"embeddable":true,"href":"https:\/\/agora.xtec.cat\/ceip-joan-coret\/wp-json\/wp\/v2\/users\/2"}],"replies":[{"embeddable":true,"href":"https:\/\/agora.xtec.cat\/ceip-joan-coret\/wp-json\/wp\/v2\/comments?post=983"}],"version-history":[{"count":2,"href":"https:\/\/agora.xtec.cat\/ceip-joan-coret\/wp-json\/wp\/v2\/posts\/983\/revisions"}],"predecessor-version":[{"id":986,"href":"https:\/\/agora.xtec.cat\/ceip-joan-coret\/wp-json\/wp\/v2\/posts\/983\/revisions\/986"}],"wp:featuredmedia":[{"embeddable":true,"href":"https:\/\/agora.xtec.cat\/ceip-joan-coret\/wp-json\/wp\/v2\/media\/985"}],"wp:attachment":[{"href":"https:\/\/agora.xtec.cat\/ceip-joan-coret\/wp-json\/wp\/v2\/media?parent=983"}],"wp:term":[{"taxonomy":"category","embeddable":true,"href":"https:\/\/agora.xtec.cat\/ceip-joan-coret\/wp-json\/wp\/v2\/categories?post=983"},{"taxonomy":"post_tag","embeddable":true,"href":"https:\/\/agora.xtec.cat\/ceip-joan-coret\/wp-json\/wp\/v2\/tags?post=983"}],"curies":[{"name":"wp","href":"https:\/\/api.w.org\/{rel}","templated":true}]}}