{"id":918,"date":"2018-01-08T13:57:26","date_gmt":"2018-01-08T12:57:26","guid":{"rendered":"http:\/\/agora.xtec.cat\/ceip-joan-coret\/?p=918"},"modified":"2018-01-08T13:57:26","modified_gmt":"2018-01-08T12:57:26","slug":"caga-tio-cicle-inicial","status":"publish","type":"post","link":"https:\/\/agora.xtec.cat\/ceip-joan-coret\/portada\/caga-tio-cicle-inicial\/","title":{"rendered":"Caga Ti\u00f3 Cicle Inicial"},"content":{"rendered":"<p>Els nens i nenes del Cicle Inicial vam fer cagar el Ti\u00f3. Ens va portar molts regals. Aqu\u00ed podeu veure les fotos:<\/p>\n<p><a href=\"https:\/\/photos.app.goo.gl\/jvglAOnIfoY1ixy93\" target=\"_blank\" rel=\"noopener noreferrer\">https:\/\/photos.app.goo.gl\/jvglAOnIfoY1ixy93<\/a><\/p>\n","protected":false},"excerpt":{"rendered":"<p>Els nens i nenes del Cicle Inicial vam fer cagar el Ti\u00f3. Ens va portar molts regals. Aqu\u00ed podeu veure les fotos:<br \/>\n<a href=\"https:\/\/photos.app.goo.gl\/jvglAOnIfoY1ixy93\" target=\"_blank\" rel=\"noopener noreferrer\">https:\/\/photos.app.goo.gl\/jvglAOnIfoY1ixy93<\/a><\/p>\n","protected":false},"author":3,"featured_media":0,"comment_status":"open","ping_status":"closed","sticky":false,"template":"","format":"standard","meta":{"_bbp_topic_count":0,"_bbp_reply_count":0,"_bbp_total_topic_count":0,"_bbp_total_reply_count":0,"_bbp_voice_count":0,"_bbp_anonymous_reply_count":0,"_bbp_topic_count_hidden":0,"_bbp_reply_count_hidden":0,"_bbp_forum_subforum_count":0,"footnotes":""},"categories":[10,11,4],"tags":[93,94],"class_list":["post-918","post","type-post","status-publish","format-standard","hentry","category-1r","category-2n","category-portada","tag-1r","tag-2n"],"post_mailing_queue_ids":[],"_links":{"self":[{"href":"https:\/\/agora.xtec.cat\/ceip-joan-coret\/wp-json\/wp\/v2\/posts\/918","targetHints":{"allow":["GET"]}}],"collection":[{"href":"https:\/\/agora.xtec.cat\/ceip-joan-coret\/wp-json\/wp\/v2\/posts"}],"about":[{"href":"https:\/\/agora.xtec.cat\/ceip-joan-coret\/wp-json\/wp\/v2\/types\/post"}],"author":[{"embeddable":true,"href":"https:\/\/agora.xtec.cat\/ceip-joan-coret\/wp-json\/wp\/v2\/users\/3"}],"replies":[{"embeddable":true,"href":"https:\/\/agora.xtec.cat\/ceip-joan-coret\/wp-json\/wp\/v2\/comments?post=918"}],"version-history":[{"count":1,"href":"https:\/\/agora.xtec.cat\/ceip-joan-coret\/wp-json\/wp\/v2\/posts\/918\/revisions"}],"predecessor-version":[{"id":919,"href":"https:\/\/agora.xtec.cat\/ceip-joan-coret\/wp-json\/wp\/v2\/posts\/918\/revisions\/919"}],"wp:attachment":[{"href":"https:\/\/agora.xtec.cat\/ceip-joan-coret\/wp-json\/wp\/v2\/media?parent=918"}],"wp:term":[{"taxonomy":"category","embeddable":true,"href":"https:\/\/agora.xtec.cat\/ceip-joan-coret\/wp-json\/wp\/v2\/categories?post=918"},{"taxonomy":"post_tag","embeddable":true,"href":"https:\/\/agora.xtec.cat\/ceip-joan-coret\/wp-json\/wp\/v2\/tags?post=918"}],"curies":[{"name":"wp","href":"https:\/\/api.w.org\/{rel}","templated":true}]}}