{"id":907,"date":"2018-01-03T01:22:05","date_gmt":"2018-01-03T00:22:05","guid":{"rendered":"http:\/\/agora.xtec.cat\/ceip-joan-coret\/?p=907"},"modified":"2018-01-03T01:25:00","modified_gmt":"2018-01-03T00:25:00","slug":"nadales-primaria","status":"publish","type":"post","link":"https:\/\/agora.xtec.cat\/ceip-joan-coret\/general\/nadales-primaria\/","title":{"rendered":"Nadales Prim\u00e0ria"},"content":{"rendered":"<p>Aqu\u00ed tenim les fotos de les Nadales de Prim\u00e0ria. Esperem que us agradin:\u00a0<a href=\"https:\/\/photos.app.goo.gl\/TPeogC5UCforxpCv2\" target=\"_blank\" rel=\"noopener noreferrer\">https:\/\/photos.app.goo.gl\/TPeogC5UCforxpCv2<\/a><\/p>\n<p>I aqu\u00ed els videos:<\/p>\n<p>1r A i 5\u00e8 A :<iframe loading=\"lazy\" src=\"\/\/www.youtube.com\/embed\/OgGVpxaSd6w\" width=\"150\" height=\"84\" allowfullscreen=\"allowfullscreen\"><\/iframe>1r B i 5\u00e8 B :\u00a0<iframe loading=\"lazy\" src=\"\/\/www.youtube.com\/embed\/su20PwXp34g\" width=\"150\" height=\"84\" allowfullscreen=\"allowfullscreen\"><\/iframe><\/p>\n<p>3r B i 4t B :\u00a0<iframe loading=\"lazy\" src=\"\/\/www.youtube.com\/embed\/t979aadiQYY\" width=\"150\" height=\"84\" allowfullscreen=\"allowfullscreen\"><\/iframe>3r A i 4t A :\u00a0<iframe loading=\"lazy\" src=\"\/\/www.youtube.com\/embed\/wUvOQI7AdEQ\" width=\"150\" height=\"84\" allowfullscreen=\"allowfullscreen\"><\/iframe><\/p>\n<p>2n A i 6\u00e8 A :<iframe loading=\"lazy\" src=\"\/\/www.youtube.com\/embed\/Ab1oegPMB2Q\" width=\"150\" height=\"84\" allowfullscreen=\"allowfullscreen\"><\/iframe>2n B i 6\u00e8 B :<iframe loading=\"lazy\" src=\"\/\/www.youtube.com\/embed\/3qI4ZHHKh2w\" width=\"150\" height=\"84\" allowfullscreen=\"allowfullscreen\"><\/iframe><\/p>\n<p>Esperem que us agradin!<\/p>\n","protected":false},"excerpt":{"rendered":"<p>Aqu\u00ed tenim les fotos de les Nadales de Prim\u00e0ria. Esperem que us agradin:\u00a0<a href=\"https:\/\/photos.app.goo.gl\/TPeogC5UCforxpCv2\" target=\"_blank\" rel=\"noopener noreferrer\">https:\/\/photos.app.goo.gl\/TPeogC5UCforxpCv2<\/a><br \/>\nI aqu\u00ed els videos:<br \/>\n1r A i 5\u00e8 A :1r B i 5\u00e8 B :\u00a0<br \/>\n3r B i 4t B :\u00a03r A i 4t A :\u00a0<br \/>\n2n A i 6\u00e8 A :2n&hellip;  <a href=\"https:\/\/agora.xtec.cat\/ceip-joan-coret\/general\/nadales-primaria\/\" title=\"Read Nadales Prim\u00e0ria\">Llegeix m\u00e9s\u00bb<\/a><\/p>\n","protected":false},"author":3,"featured_media":910,"comment_status":"open","ping_status":"closed","sticky":false,"template":"","format":"standard","meta":{"_bbp_topic_count":0,"_bbp_reply_count":0,"_bbp_total_topic_count":0,"_bbp_total_reply_count":0,"_bbp_voice_count":0,"_bbp_anonymous_reply_count":0,"_bbp_topic_count_hidden":0,"_bbp_reply_count_hidden":0,"_bbp_forum_subforum_count":0,"footnotes":""},"categories":[10,11,12,13,14,15,1,61,4],"tags":[93,94,72,92,68,65,62,63],"class_list":["post-907","post","type-post","status-publish","format-standard","has-post-thumbnail","hentry","category-1r","category-2n","category-3r","category-4t","category-5e","category-6e","category-general","category-musica-primaria","category-portada","tag-1r","tag-2n","tag-3r","tag-4rt","tag-5e","tag-6e","tag-musica","tag-primaria"],"post_mailing_queue_ids":[],"_links":{"self":[{"href":"https:\/\/agora.xtec.cat\/ceip-joan-coret\/wp-json\/wp\/v2\/posts\/907","targetHints":{"allow":["GET"]}}],"collection":[{"href":"https:\/\/agora.xtec.cat\/ceip-joan-coret\/wp-json\/wp\/v2\/posts"}],"about":[{"href":"https:\/\/agora.xtec.cat\/ceip-joan-coret\/wp-json\/wp\/v2\/types\/post"}],"author":[{"embeddable":true,"href":"https:\/\/agora.xtec.cat\/ceip-joan-coret\/wp-json\/wp\/v2\/users\/3"}],"replies":[{"embeddable":true,"href":"https:\/\/agora.xtec.cat\/ceip-joan-coret\/wp-json\/wp\/v2\/comments?post=907"}],"version-history":[{"count":3,"href":"https:\/\/agora.xtec.cat\/ceip-joan-coret\/wp-json\/wp\/v2\/posts\/907\/revisions"}],"predecessor-version":[{"id":914,"href":"https:\/\/agora.xtec.cat\/ceip-joan-coret\/wp-json\/wp\/v2\/posts\/907\/revisions\/914"}],"wp:featuredmedia":[{"embeddable":true,"href":"https:\/\/agora.xtec.cat\/ceip-joan-coret\/wp-json\/wp\/v2\/media\/910"}],"wp:attachment":[{"href":"https:\/\/agora.xtec.cat\/ceip-joan-coret\/wp-json\/wp\/v2\/media?parent=907"}],"wp:term":[{"taxonomy":"category","embeddable":true,"href":"https:\/\/agora.xtec.cat\/ceip-joan-coret\/wp-json\/wp\/v2\/categories?post=907"},{"taxonomy":"post_tag","embeddable":true,"href":"https:\/\/agora.xtec.cat\/ceip-joan-coret\/wp-json\/wp\/v2\/tags?post=907"}],"curies":[{"name":"wp","href":"https:\/\/api.w.org\/{rel}","templated":true}]}}