{"id":880,"date":"2017-11-30T11:59:25","date_gmt":"2017-11-30T10:59:25","guid":{"rendered":"http:\/\/agora.xtec.cat\/ceip-joan-coret\/?p=880"},"modified":"2017-11-30T12:02:23","modified_gmt":"2017-11-30T11:02:23","slug":"plantes-aromatiques-1r","status":"publish","type":"post","link":"https:\/\/agora.xtec.cat\/ceip-joan-coret\/portada\/plantes-aromatiques-1r\/","title":{"rendered":"Plantes arom\u00e0tiques 1r"},"content":{"rendered":"<p>Els nens i nenes de primer vam estar al nostre hort i vam plantar plantes arom\u00e0tiques. Si voleu, podeu veure les fotos aqu\u00ed:<\/p>\n<p><a href=\"https:\/\/photos.app.goo.gl\/Nmrs0KKvTpAtNahk2\" target=\"_blank\" rel=\"noopener noreferrer\">https:\/\/photos.app.goo.gl\/Nmrs0KKvTpAtNahk2<\/a><\/p>\n","protected":false},"excerpt":{"rendered":"<p>Els nens i nenes de primer vam estar al nostre hort i vam plantar plantes arom\u00e0tiques. Si voleu, podeu veure les fotos aqu\u00ed:<br \/>\n<a href=\"https:\/\/photos.app.goo.gl\/Nmrs0KKvTpAtNahk2\" target=\"_blank\" rel=\"noopener noreferrer\">https:\/\/photos.app.goo.gl\/Nmrs0KKvTpAtNahk2<\/a><\/p>\n","protected":false},"author":3,"featured_media":0,"comment_status":"open","ping_status":"closed","sticky":false,"template":"","format":"standard","meta":{"_bbp_topic_count":0,"_bbp_reply_count":0,"_bbp_total_topic_count":0,"_bbp_total_reply_count":0,"_bbp_voice_count":0,"_bbp_anonymous_reply_count":0,"_bbp_topic_count_hidden":0,"_bbp_reply_count_hidden":0,"_bbp_forum_subforum_count":0,"footnotes":""},"categories":[10,4],"tags":[],"class_list":["post-880","post","type-post","status-publish","format-standard","hentry","category-1r","category-portada"],"post_mailing_queue_ids":[],"_links":{"self":[{"href":"https:\/\/agora.xtec.cat\/ceip-joan-coret\/wp-json\/wp\/v2\/posts\/880","targetHints":{"allow":["GET"]}}],"collection":[{"href":"https:\/\/agora.xtec.cat\/ceip-joan-coret\/wp-json\/wp\/v2\/posts"}],"about":[{"href":"https:\/\/agora.xtec.cat\/ceip-joan-coret\/wp-json\/wp\/v2\/types\/post"}],"author":[{"embeddable":true,"href":"https:\/\/agora.xtec.cat\/ceip-joan-coret\/wp-json\/wp\/v2\/users\/3"}],"replies":[{"embeddable":true,"href":"https:\/\/agora.xtec.cat\/ceip-joan-coret\/wp-json\/wp\/v2\/comments?post=880"}],"version-history":[{"count":2,"href":"https:\/\/agora.xtec.cat\/ceip-joan-coret\/wp-json\/wp\/v2\/posts\/880\/revisions"}],"predecessor-version":[{"id":884,"href":"https:\/\/agora.xtec.cat\/ceip-joan-coret\/wp-json\/wp\/v2\/posts\/880\/revisions\/884"}],"wp:attachment":[{"href":"https:\/\/agora.xtec.cat\/ceip-joan-coret\/wp-json\/wp\/v2\/media?parent=880"}],"wp:term":[{"taxonomy":"category","embeddable":true,"href":"https:\/\/agora.xtec.cat\/ceip-joan-coret\/wp-json\/wp\/v2\/categories?post=880"},{"taxonomy":"post_tag","embeddable":true,"href":"https:\/\/agora.xtec.cat\/ceip-joan-coret\/wp-json\/wp\/v2\/tags?post=880"}],"curies":[{"name":"wp","href":"https:\/\/api.w.org\/{rel}","templated":true}]}}