{"id":874,"date":"2017-11-28T12:58:22","date_gmt":"2017-11-28T11:58:22","guid":{"rendered":"http:\/\/agora.xtec.cat\/ceip-joan-coret\/?p=874"},"modified":"2017-11-28T12:58:56","modified_gmt":"2017-11-28T11:58:56","slug":"badatletisme-5e","status":"publish","type":"post","link":"https:\/\/agora.xtec.cat\/ceip-joan-coret\/portada\/badatletisme-5e\/","title":{"rendered":"Badatletisme 5\u00e8"},"content":{"rendered":"<p>El passat dia 24 de novembre, els nens i nenes de 5\u00e8 vam anar a les pistes d&#8217;atletisme Paco \u00c1guila a passar una jornada inoblidable amb altres escoles de Badalona.<\/p>\n<p>Ens ho vam passar d&#8217;all\u00f2 m\u00e9s b\u00e9, molt esgotats i esgotades per\u00f2 contents i contentes. Aqu\u00ed tenim unes fotos de la jornada:<\/p>\n<p><a href=\"https:\/\/photos.app.goo.gl\/jvZkRQ8tsyvj5TWP2\" target=\"_blank\" rel=\"noopener noreferrer\">https:\/\/photos.app.goo.gl\/jvZkRQ8tsyvj5TWP2<\/a><\/p>\n","protected":false},"excerpt":{"rendered":"<p>El passat dia 24 de novembre, els nens i nenes de 5\u00e8 vam anar a les pistes d&#8217;atletisme Paco \u00c1guila a passar una jornada inoblidable amb altres escoles de Badalona.<br \/>\nEns ho vam passar d&#8217;all\u00f2 m\u00e9s b\u00e9, molt esgotats i esgotades per\u00f2 contents i contentes. Aqu\u00ed&hellip;  <a href=\"https:\/\/agora.xtec.cat\/ceip-joan-coret\/portada\/badatletisme-5e\/\" title=\"Read Badatletisme 5\u00e8\">Llegeix m\u00e9s\u00bb<\/a><\/p>\n","protected":false},"author":3,"featured_media":0,"comment_status":"open","ping_status":"closed","sticky":false,"template":"","format":"standard","meta":{"_bbp_topic_count":0,"_bbp_reply_count":0,"_bbp_total_topic_count":0,"_bbp_total_reply_count":0,"_bbp_voice_count":0,"_bbp_anonymous_reply_count":0,"_bbp_topic_count_hidden":0,"_bbp_reply_count_hidden":0,"_bbp_forum_subforum_count":0,"footnotes":""},"categories":[14,64,4],"tags":[68,66],"class_list":["post-874","post","type-post","status-publish","format-standard","hentry","category-5e","category-educacio-fisica","category-portada","tag-5e","tag-ed-fisica"],"post_mailing_queue_ids":[],"_links":{"self":[{"href":"https:\/\/agora.xtec.cat\/ceip-joan-coret\/wp-json\/wp\/v2\/posts\/874","targetHints":{"allow":["GET"]}}],"collection":[{"href":"https:\/\/agora.xtec.cat\/ceip-joan-coret\/wp-json\/wp\/v2\/posts"}],"about":[{"href":"https:\/\/agora.xtec.cat\/ceip-joan-coret\/wp-json\/wp\/v2\/types\/post"}],"author":[{"embeddable":true,"href":"https:\/\/agora.xtec.cat\/ceip-joan-coret\/wp-json\/wp\/v2\/users\/3"}],"replies":[{"embeddable":true,"href":"https:\/\/agora.xtec.cat\/ceip-joan-coret\/wp-json\/wp\/v2\/comments?post=874"}],"version-history":[{"count":1,"href":"https:\/\/agora.xtec.cat\/ceip-joan-coret\/wp-json\/wp\/v2\/posts\/874\/revisions"}],"predecessor-version":[{"id":875,"href":"https:\/\/agora.xtec.cat\/ceip-joan-coret\/wp-json\/wp\/v2\/posts\/874\/revisions\/875"}],"wp:attachment":[{"href":"https:\/\/agora.xtec.cat\/ceip-joan-coret\/wp-json\/wp\/v2\/media?parent=874"}],"wp:term":[{"taxonomy":"category","embeddable":true,"href":"https:\/\/agora.xtec.cat\/ceip-joan-coret\/wp-json\/wp\/v2\/categories?post=874"},{"taxonomy":"post_tag","embeddable":true,"href":"https:\/\/agora.xtec.cat\/ceip-joan-coret\/wp-json\/wp\/v2\/tags?post=874"}],"curies":[{"name":"wp","href":"https:\/\/api.w.org\/{rel}","templated":true}]}}