{"id":7428,"date":"2026-03-23T21:09:00","date_gmt":"2026-03-23T20:09:00","guid":{"rendered":"https:\/\/agora.xtec.cat\/ceip-joan-coret\/?p=7428"},"modified":"2026-03-23T21:40:10","modified_gmt":"2026-03-23T20:40:10","slug":"el-comic-3r","status":"publish","type":"post","link":"https:\/\/agora.xtec.cat\/ceip-joan-coret\/portada\/el-comic-3r\/","title":{"rendered":"El C\u00f2mic 3r"},"content":{"rendered":"<p>A L&#8217;assignatura de Castell\u00e0 hem treballat el C\u00f2mic. L&#8217;altre dia vam publicar els c\u00f2mics que vam fer, per\u00f2 ara us portem el Video d&#8217;introducci\u00f3 d&#8217;aquests treballs. Esperem que us agradi!<\/p>\n<p style=\"text-align: center;\"><iframe loading=\"lazy\" src=\"\/\/www.youtube.com\/embed\/pLd71X0RTB8\" width=\"560\" height=\"314\" allowfullscreen=\"allowfullscreen\"><\/iframe><\/p>\n<p>Podeu entrar a cada llibre fent click a sobre.<\/p>\n<table style=\"border-collapse: collapse; width: 100%;\">\n<tbody>\n<tr>\n<td style=\"width: 25%;\"><a href=\"https:\/\/read.bookcreator.com\/g75xQCeAJERH4pTxUxwzulmv3ZV2\/tPr3eahQTPmUgQRnWXbRiw\" target=\"_blank\" rel=\"http:\/\/https:\/\/read.bookcreator.com\/g75xQCeAJERH4pTxUxwzulmv3ZV2\/tPr3eahQTPmUgQRnWXbRiw noopener\">Escuela Misteriosa<img loading=\"lazy\" decoding=\"async\" class=\"alignleft wp-image-7432\" style=\"font-size: 16px; text-align: center;\" src=\"https:\/\/agora.xtec.cat\/ceip-joan-coret\/wp-content\/uploads\/usu1194\/2026\/03\/Captura-de-pantalla-2026-03-23-120342-300x227.png\" alt=\"\" width=\"209\" height=\"158\" srcset=\"https:\/\/agora.xtec.cat\/ceip-joan-coret\/wp-content\/uploads\/usu1194\/2026\/03\/Captura-de-pantalla-2026-03-23-120342-300x227.png 300w, https:\/\/agora.xtec.cat\/ceip-joan-coret\/wp-content\/uploads\/usu1194\/2026\/03\/Captura-de-pantalla-2026-03-23-120342-768x582.png 768w, https:\/\/agora.xtec.cat\/ceip-joan-coret\/wp-content\/uploads\/usu1194\/2026\/03\/Captura-de-pantalla-2026-03-23-120342-200x150.png 200w, https:\/\/agora.xtec.cat\/ceip-joan-coret\/wp-content\/uploads\/usu1194\/2026\/03\/Captura-de-pantalla-2026-03-23-120342.png 1024w\" sizes=\"auto, (max-width: 209px) 100vw, 209px\" \/><\/a><\/td>\n<td style=\"width: 25%;\"><a href=\"https:\/\/read.bookcreator.com\/g75xQCeAJERH4pTxUxwzulmv3ZV2\/N6oLC1UpSXeBTJfxx_pevA\" target=\"_blank\" rel=\"noopener\">Los 3 aventureros<img loading=\"lazy\" decoding=\"async\" class=\"aligncenter wp-image-7433 size-medium\" src=\"https:\/\/agora.xtec.cat\/ceip-joan-coret\/wp-content\/uploads\/usu1194\/2026\/03\/Captura-de-pantalla-2026-03-23-120403-300x227.png\" alt=\"\" width=\"300\" height=\"227\" srcset=\"https:\/\/agora.xtec.cat\/ceip-joan-coret\/wp-content\/uploads\/usu1194\/2026\/03\/Captura-de-pantalla-2026-03-23-120403-300x227.png 300w, https:\/\/agora.xtec.cat\/ceip-joan-coret\/wp-content\/uploads\/usu1194\/2026\/03\/Captura-de-pantalla-2026-03-23-120403-1024x774.png 1024w, https:\/\/agora.xtec.cat\/ceip-joan-coret\/wp-content\/uploads\/usu1194\/2026\/03\/Captura-de-pantalla-2026-03-23-120403-768x581.png 768w, https:\/\/agora.xtec.cat\/ceip-joan-coret\/wp-content\/uploads\/usu1194\/2026\/03\/Captura-de-pantalla-2026-03-23-120403-200x150.png 200w, https:\/\/agora.xtec.cat\/ceip-joan-coret\/wp-content\/uploads\/usu1194\/2026\/03\/Captura-de-pantalla-2026-03-23-120403.png 1030w\" sizes=\"auto, (max-width: 300px) 100vw, 300px\" \/><\/a><\/td>\n<td style=\"width: 25%;\"><a href=\"https:\/\/read.bookcreator.com\/g75xQCeAJERH4pTxUxwzulmv3ZV2\/CzJFgqDBQ3qR_0zaTCxHCw\" target=\"_blank\" rel=\"noopener\">Los amigos indestructibles<img loading=\"lazy\" decoding=\"async\" class=\"aligncenter wp-image-7434 size-medium\" src=\"https:\/\/agora.xtec.cat\/ceip-joan-coret\/wp-content\/uploads\/usu1194\/2026\/03\/Captura-de-pantalla-2026-03-23-120437-300x226.png\" alt=\"\" width=\"300\" height=\"226\" srcset=\"https:\/\/agora.xtec.cat\/ceip-joan-coret\/wp-content\/uploads\/usu1194\/2026\/03\/Captura-de-pantalla-2026-03-23-120437-300x226.png 300w, https:\/\/agora.xtec.cat\/ceip-joan-coret\/wp-content\/uploads\/usu1194\/2026\/03\/Captura-de-pantalla-2026-03-23-120437-1024x770.png 1024w, https:\/\/agora.xtec.cat\/ceip-joan-coret\/wp-content\/uploads\/usu1194\/2026\/03\/Captura-de-pantalla-2026-03-23-120437-768x578.png 768w, https:\/\/agora.xtec.cat\/ceip-joan-coret\/wp-content\/uploads\/usu1194\/2026\/03\/Captura-de-pantalla-2026-03-23-120437-200x150.png 200w, https:\/\/agora.xtec.cat\/ceip-joan-coret\/wp-content\/uploads\/usu1194\/2026\/03\/Captura-de-pantalla-2026-03-23-120437.png 1045w\" sizes=\"auto, (max-width: 300px) 100vw, 300px\" \/><\/a><\/td>\n<td style=\"width: 25%;\"><a href=\"https:\/\/read.bookcreator.com\/g75xQCeAJERH4pTxUxwzulmv3ZV2\/GOw8E0OZQMSkOyX4VRULkw\" target=\"_blank\" rel=\"noopener\">Los 4 hermanos<img loading=\"lazy\" decoding=\"async\" class=\"aligncenter wp-image-7431 size-medium\" src=\"https:\/\/agora.xtec.cat\/ceip-joan-coret\/wp-content\/uploads\/usu1194\/2026\/03\/Captura-de-pantalla-2026-03-23-120250-300x226.png\" alt=\"\" width=\"300\" height=\"226\" srcset=\"https:\/\/agora.xtec.cat\/ceip-joan-coret\/wp-content\/uploads\/usu1194\/2026\/03\/Captura-de-pantalla-2026-03-23-120250-300x226.png 300w, https:\/\/agora.xtec.cat\/ceip-joan-coret\/wp-content\/uploads\/usu1194\/2026\/03\/Captura-de-pantalla-2026-03-23-120250-1024x772.png 1024w, https:\/\/agora.xtec.cat\/ceip-joan-coret\/wp-content\/uploads\/usu1194\/2026\/03\/Captura-de-pantalla-2026-03-23-120250-768x579.png 768w, https:\/\/agora.xtec.cat\/ceip-joan-coret\/wp-content\/uploads\/usu1194\/2026\/03\/Captura-de-pantalla-2026-03-23-120250-200x150.png 200w, https:\/\/agora.xtec.cat\/ceip-joan-coret\/wp-content\/uploads\/usu1194\/2026\/03\/Captura-de-pantalla-2026-03-23-120250.png 1039w\" sizes=\"auto, (max-width: 300px) 100vw, 300px\" \/><\/a><\/td>\n<\/tr>\n<tr>\n<td style=\"width: 25%;\"><a href=\"https:\/\/read.bookcreator.com\/g75xQCeAJERH4pTxUxwzulmv3ZV2\/xE6CwzQIRgipk9RUby2Y_Q\" target=\"_blank\" rel=\"noopener\">Amistades en el bosque<img loading=\"lazy\" decoding=\"async\" class=\"aligncenter wp-image-7435 size-medium\" src=\"https:\/\/agora.xtec.cat\/ceip-joan-coret\/wp-content\/uploads\/usu1194\/2026\/03\/Captura-de-pantalla-2026-03-23-120505-300x229.png\" alt=\"\" width=\"300\" height=\"229\" srcset=\"https:\/\/agora.xtec.cat\/ceip-joan-coret\/wp-content\/uploads\/usu1194\/2026\/03\/Captura-de-pantalla-2026-03-23-120505-300x229.png 300w, https:\/\/agora.xtec.cat\/ceip-joan-coret\/wp-content\/uploads\/usu1194\/2026\/03\/Captura-de-pantalla-2026-03-23-120505-1024x783.png 1024w, https:\/\/agora.xtec.cat\/ceip-joan-coret\/wp-content\/uploads\/usu1194\/2026\/03\/Captura-de-pantalla-2026-03-23-120505-768x587.png 768w, https:\/\/agora.xtec.cat\/ceip-joan-coret\/wp-content\/uploads\/usu1194\/2026\/03\/Captura-de-pantalla-2026-03-23-120505.png 1036w\" sizes=\"auto, (max-width: 300px) 100vw, 300px\" \/><\/a><\/td>\n<td style=\"width: 25%;\"><a href=\"https:\/\/read.bookcreator.com\/g75xQCeAJERH4pTxUxwzulmv3ZV2\/BSbep_pPSt-BtogB38u_0A\" target=\"_blank\" rel=\"noopener\">El misterio del cole abandonado<img loading=\"lazy\" decoding=\"async\" class=\"aligncenter wp-image-7436 size-medium\" src=\"https:\/\/agora.xtec.cat\/ceip-joan-coret\/wp-content\/uploads\/usu1194\/2026\/03\/Captura-de-pantalla-2026-03-23-120526-300x228.png\" alt=\"\" width=\"300\" height=\"228\" srcset=\"https:\/\/agora.xtec.cat\/ceip-joan-coret\/wp-content\/uploads\/usu1194\/2026\/03\/Captura-de-pantalla-2026-03-23-120526-300x228.png 300w, https:\/\/agora.xtec.cat\/ceip-joan-coret\/wp-content\/uploads\/usu1194\/2026\/03\/Captura-de-pantalla-2026-03-23-120526-1024x777.png 1024w, https:\/\/agora.xtec.cat\/ceip-joan-coret\/wp-content\/uploads\/usu1194\/2026\/03\/Captura-de-pantalla-2026-03-23-120526-768x583.png 768w, https:\/\/agora.xtec.cat\/ceip-joan-coret\/wp-content\/uploads\/usu1194\/2026\/03\/Captura-de-pantalla-2026-03-23-120526.png 1032w\" sizes=\"auto, (max-width: 300px) 100vw, 300px\" \/><\/a><\/td>\n<td style=\"width: 25%;\"><a href=\"https:\/\/read.bookcreator.com\/g75xQCeAJERH4pTxUxwzulmv3ZV2\/nSNArJZRQR2u4qHNF9ow2w\" target=\"_blank\" rel=\"noopener\">Ruinas m\u00e1gicas<img loading=\"lazy\" decoding=\"async\" class=\"aligncenter wp-image-7437 size-medium\" src=\"https:\/\/agora.xtec.cat\/ceip-joan-coret\/wp-content\/uploads\/usu1194\/2026\/03\/Captura-de-pantalla-2026-03-23-120601-300x225.png\" alt=\"\" width=\"300\" height=\"225\" srcset=\"https:\/\/agora.xtec.cat\/ceip-joan-coret\/wp-content\/uploads\/usu1194\/2026\/03\/Captura-de-pantalla-2026-03-23-120601-300x225.png 300w, https:\/\/agora.xtec.cat\/ceip-joan-coret\/wp-content\/uploads\/usu1194\/2026\/03\/Captura-de-pantalla-2026-03-23-120601-1024x768.png 1024w, https:\/\/agora.xtec.cat\/ceip-joan-coret\/wp-content\/uploads\/usu1194\/2026\/03\/Captura-de-pantalla-2026-03-23-120601-768x576.png 768w, https:\/\/agora.xtec.cat\/ceip-joan-coret\/wp-content\/uploads\/usu1194\/2026\/03\/Captura-de-pantalla-2026-03-23-120601-200x150.png 200w, https:\/\/agora.xtec.cat\/ceip-joan-coret\/wp-content\/uploads\/usu1194\/2026\/03\/Captura-de-pantalla-2026-03-23-120601.png 1044w\" sizes=\"auto, (max-width: 300px) 100vw, 300px\" \/><\/a><\/td>\n<td style=\"width: 25%;\"><\/td>\n<\/tr>\n<\/tbody>\n<\/table>\n","protected":false},"excerpt":{"rendered":"<p>A L&#8217;assignatura de Castell\u00e0 hem treballat el C\u00f2mic. L&#8217;altre dia vam publicar els c\u00f2mics que vam fer, per\u00f2 ara us portem el Video d&#8217;introducci\u00f3 d&#8217;aquests treballs. Esperem que us agradi!<\/p>\n<p>Podeu entrar a cada llibre fent click a sobre.<\/p>\n<p><a href=\"https:\/\/read.bookcreator.com\/g75xQCeAJERH4pTxUxwzulmv3ZV2\/tPr3eahQTPmUgQRnWXbRiw\" target=\"_blank\" rel=\"http:\/\/https:\/\/read.bookcreator.com\/g75xQCeAJERH4pTxUxwzulmv3ZV2\/tPr3eahQTPmUgQRnWXbRiw noopener\">Escuela Misteriosa<\/a><br \/>\n<a href=\"https:\/\/read.bookcreator.com\/g75xQCeAJERH4pTxUxwzulmv3ZV2\/N6oLC1UpSXeBTJfxx_pevA\" target=\"_blank\"&hellip;  <a href=\"https:\/\/agora.xtec.cat\/ceip-joan-coret\/portada\/el-comic-3r\/\" title=\"Read El C\u00f2mic 3r\">Llegeix m\u00e9s\u00bb<\/a><\/p>\n","protected":false},"author":3,"featured_media":7429,"comment_status":"open","ping_status":"open","sticky":false,"template":"","format":"standard","meta":{"_bbp_topic_count":0,"_bbp_reply_count":0,"_bbp_total_topic_count":0,"_bbp_total_reply_count":0,"_bbp_voice_count":0,"_bbp_anonymous_reply_count":0,"_bbp_topic_count_hidden":0,"_bbp_reply_count_hidden":0,"_bbp_forum_subforum_count":0,"footnotes":""},"categories":[12,4],"tags":[72,336],"class_list":["post-7428","post","type-post","status-publish","format-standard","has-post-thumbnail","hentry","category-3r","category-portada","tag-3r","tag-castellano"],"post_mailing_queue_ids":[],"_links":{"self":[{"href":"https:\/\/agora.xtec.cat\/ceip-joan-coret\/wp-json\/wp\/v2\/posts\/7428","targetHints":{"allow":["GET"]}}],"collection":[{"href":"https:\/\/agora.xtec.cat\/ceip-joan-coret\/wp-json\/wp\/v2\/posts"}],"about":[{"href":"https:\/\/agora.xtec.cat\/ceip-joan-coret\/wp-json\/wp\/v2\/types\/post"}],"author":[{"embeddable":true,"href":"https:\/\/agora.xtec.cat\/ceip-joan-coret\/wp-json\/wp\/v2\/users\/3"}],"replies":[{"embeddable":true,"href":"https:\/\/agora.xtec.cat\/ceip-joan-coret\/wp-json\/wp\/v2\/comments?post=7428"}],"version-history":[{"count":7,"href":"https:\/\/agora.xtec.cat\/ceip-joan-coret\/wp-json\/wp\/v2\/posts\/7428\/revisions"}],"predecessor-version":[{"id":7446,"href":"https:\/\/agora.xtec.cat\/ceip-joan-coret\/wp-json\/wp\/v2\/posts\/7428\/revisions\/7446"}],"wp:featuredmedia":[{"embeddable":true,"href":"https:\/\/agora.xtec.cat\/ceip-joan-coret\/wp-json\/wp\/v2\/media\/7429"}],"wp:attachment":[{"href":"https:\/\/agora.xtec.cat\/ceip-joan-coret\/wp-json\/wp\/v2\/media?parent=7428"}],"wp:term":[{"taxonomy":"category","embeddable":true,"href":"https:\/\/agora.xtec.cat\/ceip-joan-coret\/wp-json\/wp\/v2\/categories?post=7428"},{"taxonomy":"post_tag","embeddable":true,"href":"https:\/\/agora.xtec.cat\/ceip-joan-coret\/wp-json\/wp\/v2\/tags?post=7428"}],"curies":[{"name":"wp","href":"https:\/\/api.w.org\/{rel}","templated":true}]}}