{"id":7415,"date":"2026-03-04T19:00:10","date_gmt":"2026-03-04T18:00:10","guid":{"rendered":"https:\/\/agora.xtec.cat\/ceip-joan-coret\/?p=7415"},"modified":"2026-03-04T19:00:26","modified_gmt":"2026-03-04T18:00:26","slug":"radio-3r-museu-del-disseny","status":"publish","type":"post","link":"https:\/\/agora.xtec.cat\/ceip-joan-coret\/portada\/radio-3r-museu-del-disseny\/","title":{"rendered":"R\u00e0dio 3r Museu del Disseny"},"content":{"rendered":"<p>Hola a tothom! Tenim el nou programa de&#8230; r\u00e0dio? uyyy no s\u00e9 si aix\u00f2 \u00e9s r\u00e0dio, perqu\u00e8 aquest cop ens hem tornat a arriscar i hem fet un video amb la sortida que vam fer al Museu del Disseny de Barcelona. Podreu veure tot el que vam fer, amb comentaris i uns presentadors \u00fanics i unes presentadores \u00faniques! Esperem que us agradi!<\/p>\n<p style=\"text-align: center;\"><iframe loading=\"lazy\" src=\"\/\/www.youtube.com\/embed\/g2WFD42XIKs\" width=\"560\" height=\"314\" allowfullscreen=\"allowfullscreen\"><\/iframe><\/p>\n","protected":false},"excerpt":{"rendered":"<p>Hola a tothom! Tenim el nou programa de&#8230; r\u00e0dio? uyyy no s\u00e9 si aix\u00f2 \u00e9s r\u00e0dio, perqu\u00e8 aquest cop ens hem tornat a arriscar i hem fet un video amb la sortida que vam fer al Museu del Disseny de Barcelona. Podreu veure tot el&hellip;  <a href=\"https:\/\/agora.xtec.cat\/ceip-joan-coret\/portada\/radio-3r-museu-del-disseny\/\" title=\"Read R\u00e0dio 3r Museu del Disseny\">Llegeix m\u00e9s\u00bb<\/a><\/p>\n","protected":false},"author":3,"featured_media":7416,"comment_status":"open","ping_status":"open","sticky":false,"template":"","format":"standard","meta":{"_bbp_topic_count":0,"_bbp_reply_count":0,"_bbp_total_topic_count":0,"_bbp_total_reply_count":0,"_bbp_voice_count":0,"_bbp_anonymous_reply_count":0,"_bbp_topic_count_hidden":0,"_bbp_reply_count_hidden":0,"_bbp_forum_subforum_count":0,"footnotes":""},"categories":[12,4],"tags":[],"class_list":["post-7415","post","type-post","status-publish","format-standard","has-post-thumbnail","hentry","category-3r","category-portada"],"post_mailing_queue_ids":[],"_links":{"self":[{"href":"https:\/\/agora.xtec.cat\/ceip-joan-coret\/wp-json\/wp\/v2\/posts\/7415","targetHints":{"allow":["GET"]}}],"collection":[{"href":"https:\/\/agora.xtec.cat\/ceip-joan-coret\/wp-json\/wp\/v2\/posts"}],"about":[{"href":"https:\/\/agora.xtec.cat\/ceip-joan-coret\/wp-json\/wp\/v2\/types\/post"}],"author":[{"embeddable":true,"href":"https:\/\/agora.xtec.cat\/ceip-joan-coret\/wp-json\/wp\/v2\/users\/3"}],"replies":[{"embeddable":true,"href":"https:\/\/agora.xtec.cat\/ceip-joan-coret\/wp-json\/wp\/v2\/comments?post=7415"}],"version-history":[{"count":1,"href":"https:\/\/agora.xtec.cat\/ceip-joan-coret\/wp-json\/wp\/v2\/posts\/7415\/revisions"}],"predecessor-version":[{"id":7417,"href":"https:\/\/agora.xtec.cat\/ceip-joan-coret\/wp-json\/wp\/v2\/posts\/7415\/revisions\/7417"}],"wp:featuredmedia":[{"embeddable":true,"href":"https:\/\/agora.xtec.cat\/ceip-joan-coret\/wp-json\/wp\/v2\/media\/7416"}],"wp:attachment":[{"href":"https:\/\/agora.xtec.cat\/ceip-joan-coret\/wp-json\/wp\/v2\/media?parent=7415"}],"wp:term":[{"taxonomy":"category","embeddable":true,"href":"https:\/\/agora.xtec.cat\/ceip-joan-coret\/wp-json\/wp\/v2\/categories?post=7415"},{"taxonomy":"post_tag","embeddable":true,"href":"https:\/\/agora.xtec.cat\/ceip-joan-coret\/wp-json\/wp\/v2\/tags?post=7415"}],"curies":[{"name":"wp","href":"https:\/\/api.w.org\/{rel}","templated":true}]}}