{"id":7299,"date":"2025-12-12T12:01:55","date_gmt":"2025-12-12T11:01:55","guid":{"rendered":"https:\/\/agora.xtec.cat\/ceip-joan-coret\/?p=7299"},"modified":"2025-12-12T12:01:55","modified_gmt":"2025-12-12T11:01:55","slug":"radio-3r-conte-de-nadal","status":"publish","type":"post","link":"https:\/\/agora.xtec.cat\/ceip-joan-coret\/portada\/radio-3r-conte-de-nadal\/","title":{"rendered":"R\u00e0dio 3r Conte de Nadal"},"content":{"rendered":"<p>Hola a tothom! No, no \u00e9s un programa de r\u00e0dio. NO! no \u00e9s un Reportatge.<\/p>\n<p>Avui us hem preparat un conte, un conte molt especial. Un conte inspirat en el &#8220;Conte de Nadal&#8221; de Charles Dickens i adaptat a l&#8217;escola. Perqu\u00e8 s&#8217;apropen unes dates molt especials, EL NADAL!<\/p>\n<p>Esperem que us agradi!<\/p>\n<p style=\"text-align: center;\"><iframe loading=\"lazy\" src=\"\/\/www.youtube.com\/embed\/5RP1BE2nuVI\" width=\"560\" height=\"314\" allowfullscreen=\"allowfullscreen\"><\/iframe><\/p>\n","protected":false},"excerpt":{"rendered":"<p>Hola a tothom! No, no \u00e9s un programa de r\u00e0dio. NO! no \u00e9s un Reportatge.<br \/>\nAvui us hem preparat un conte, un conte molt especial. Un conte inspirat en el &#8220;Conte de Nadal&#8221; de Charles Dickens i adaptat a l&#8217;escola. Perqu\u00e8 s&#8217;apropen unes dates molt especials,&hellip;  <a href=\"https:\/\/agora.xtec.cat\/ceip-joan-coret\/portada\/radio-3r-conte-de-nadal\/\" title=\"Read R\u00e0dio 3r Conte de Nadal\">Llegeix m\u00e9s\u00bb<\/a><\/p>\n","protected":false},"author":3,"featured_media":7300,"comment_status":"open","ping_status":"open","sticky":false,"template":"","format":"standard","meta":{"_bbp_topic_count":0,"_bbp_reply_count":0,"_bbp_total_topic_count":0,"_bbp_total_reply_count":0,"_bbp_voice_count":0,"_bbp_anonymous_reply_count":0,"_bbp_topic_count_hidden":0,"_bbp_reply_count_hidden":0,"_bbp_forum_subforum_count":0,"footnotes":""},"categories":[12,4],"tags":[],"class_list":["post-7299","post","type-post","status-publish","format-standard","has-post-thumbnail","hentry","category-3r","category-portada"],"post_mailing_queue_ids":[],"_links":{"self":[{"href":"https:\/\/agora.xtec.cat\/ceip-joan-coret\/wp-json\/wp\/v2\/posts\/7299","targetHints":{"allow":["GET"]}}],"collection":[{"href":"https:\/\/agora.xtec.cat\/ceip-joan-coret\/wp-json\/wp\/v2\/posts"}],"about":[{"href":"https:\/\/agora.xtec.cat\/ceip-joan-coret\/wp-json\/wp\/v2\/types\/post"}],"author":[{"embeddable":true,"href":"https:\/\/agora.xtec.cat\/ceip-joan-coret\/wp-json\/wp\/v2\/users\/3"}],"replies":[{"embeddable":true,"href":"https:\/\/agora.xtec.cat\/ceip-joan-coret\/wp-json\/wp\/v2\/comments?post=7299"}],"version-history":[{"count":1,"href":"https:\/\/agora.xtec.cat\/ceip-joan-coret\/wp-json\/wp\/v2\/posts\/7299\/revisions"}],"predecessor-version":[{"id":7301,"href":"https:\/\/agora.xtec.cat\/ceip-joan-coret\/wp-json\/wp\/v2\/posts\/7299\/revisions\/7301"}],"wp:featuredmedia":[{"embeddable":true,"href":"https:\/\/agora.xtec.cat\/ceip-joan-coret\/wp-json\/wp\/v2\/media\/7300"}],"wp:attachment":[{"href":"https:\/\/agora.xtec.cat\/ceip-joan-coret\/wp-json\/wp\/v2\/media?parent=7299"}],"wp:term":[{"taxonomy":"category","embeddable":true,"href":"https:\/\/agora.xtec.cat\/ceip-joan-coret\/wp-json\/wp\/v2\/categories?post=7299"},{"taxonomy":"post_tag","embeddable":true,"href":"https:\/\/agora.xtec.cat\/ceip-joan-coret\/wp-json\/wp\/v2\/tags?post=7299"}],"curies":[{"name":"wp","href":"https:\/\/api.w.org\/{rel}","templated":true}]}}