{"id":7291,"date":"2025-11-18T20:07:26","date_gmt":"2025-11-18T19:07:26","guid":{"rendered":"https:\/\/agora.xtec.cat\/ceip-joan-coret\/?p=7291"},"modified":"2025-11-18T20:12:59","modified_gmt":"2025-11-18T19:12:59","slug":"castanyada-cicle-grans-2025","status":"publish","type":"post","link":"https:\/\/agora.xtec.cat\/ceip-joan-coret\/portada\/castanyada-cicle-grans-2025\/","title":{"rendered":"Castanyada Cicle Grans 2025"},"content":{"rendered":"<p>Per la festa de la Castanyada el Cicle dels Grans de l&#8217;escola vam anar a Sant Jeroni de la Murtra. Vam caminar fins el fam\u00f3s Monestir, despr\u00e9s els nens i les nenes de 6\u00e8 van entrar a fer la visita a l&#8217;interior. I tot seguit vam anar fins el Parc de la Bastida a fer unes activitats molt divertides. I com ha de ser, despr\u00e9s de les activitats&#8230; A DINAR!<\/p>\n<p>Voleu veure les fotos? Aqu\u00ed les teniu!<\/p>\n<p><a href=\"https:\/\/photos.app.goo.gl\/Tqpsc3BpBEeE8nB57\" target=\"_blank\" rel=\"noopener\">https:\/\/photos.app.goo.gl\/Tqpsc3BpBEeE8nB57<\/a><\/p>\n","protected":false},"excerpt":{"rendered":"<p>Per la festa de la Castanyada el Cicle dels Grans de l&#8217;escola vam anar a Sant Jeroni de la Murtra. Vam caminar fins el fam\u00f3s Monestir, despr\u00e9s els nens i les nenes de 6\u00e8 van entrar a fer la visita a l&#8217;interior. I tot seguit&hellip;  <a href=\"https:\/\/agora.xtec.cat\/ceip-joan-coret\/portada\/castanyada-cicle-grans-2025\/\" title=\"Read Castanyada Cicle Grans 2025\">Llegeix m\u00e9s\u00bb<\/a><\/p>\n","protected":false},"author":3,"featured_media":0,"comment_status":"open","ping_status":"open","sticky":false,"template":"","format":"standard","meta":{"_bbp_topic_count":0,"_bbp_reply_count":0,"_bbp_total_topic_count":0,"_bbp_total_reply_count":0,"_bbp_voice_count":0,"_bbp_anonymous_reply_count":0,"_bbp_topic_count_hidden":0,"_bbp_reply_count_hidden":0,"_bbp_forum_subforum_count":0,"footnotes":""},"categories":[13,14,15,4],"tags":[],"class_list":["post-7291","post","type-post","status-publish","format-standard","hentry","category-4t","category-5e","category-6e","category-portada"],"post_mailing_queue_ids":[],"_links":{"self":[{"href":"https:\/\/agora.xtec.cat\/ceip-joan-coret\/wp-json\/wp\/v2\/posts\/7291","targetHints":{"allow":["GET"]}}],"collection":[{"href":"https:\/\/agora.xtec.cat\/ceip-joan-coret\/wp-json\/wp\/v2\/posts"}],"about":[{"href":"https:\/\/agora.xtec.cat\/ceip-joan-coret\/wp-json\/wp\/v2\/types\/post"}],"author":[{"embeddable":true,"href":"https:\/\/agora.xtec.cat\/ceip-joan-coret\/wp-json\/wp\/v2\/users\/3"}],"replies":[{"embeddable":true,"href":"https:\/\/agora.xtec.cat\/ceip-joan-coret\/wp-json\/wp\/v2\/comments?post=7291"}],"version-history":[{"count":1,"href":"https:\/\/agora.xtec.cat\/ceip-joan-coret\/wp-json\/wp\/v2\/posts\/7291\/revisions"}],"predecessor-version":[{"id":7292,"href":"https:\/\/agora.xtec.cat\/ceip-joan-coret\/wp-json\/wp\/v2\/posts\/7291\/revisions\/7292"}],"wp:attachment":[{"href":"https:\/\/agora.xtec.cat\/ceip-joan-coret\/wp-json\/wp\/v2\/media?parent=7291"}],"wp:term":[{"taxonomy":"category","embeddable":true,"href":"https:\/\/agora.xtec.cat\/ceip-joan-coret\/wp-json\/wp\/v2\/categories?post=7291"},{"taxonomy":"post_tag","embeddable":true,"href":"https:\/\/agora.xtec.cat\/ceip-joan-coret\/wp-json\/wp\/v2\/tags?post=7291"}],"curies":[{"name":"wp","href":"https:\/\/api.w.org\/{rel}","templated":true}]}}