{"id":7280,"date":"2025-10-27T20:27:17","date_gmt":"2025-10-27T19:27:17","guid":{"rendered":"https:\/\/agora.xtec.cat\/ceip-joan-coret\/?p=7280"},"modified":"2025-10-27T20:27:17","modified_gmt":"2025-10-27T19:27:17","slug":"radio-especial-castahalloween","status":"publish","type":"post","link":"https:\/\/agora.xtec.cat\/ceip-joan-coret\/portada\/radio-especial-castahalloween\/","title":{"rendered":"R\u00e0dio especial CastaHalloween"},"content":{"rendered":"<p>Castanyada, Halloween, tot sigui per a celebrar una festa! Doncs la classe de 3r ha decidit fer aquest especial de R\u00e0dio per a vosaltres. Ens expliquen d&#8217;on venen aquestes festes, i a m\u00e9s a m\u00e9s ens expliquen un fet que ha passat a l&#8217;escola&#8230; o potser no ha passat&#8230; el vols sentir?<\/p>\n<p style=\"text-align: center;\"><iframe loading=\"lazy\" src=\"\/\/www.youtube.com\/embed\/4ggtbqy7l4c\" width=\"560\" height=\"314\" allowfullscreen=\"allowfullscreen\"><\/iframe><\/p>\n","protected":false},"excerpt":{"rendered":"<p>Castanyada, Halloween, tot sigui per a celebrar una festa! Doncs la classe de 3r ha decidit fer aquest especial de R\u00e0dio per a vosaltres. Ens expliquen d&#8217;on venen aquestes festes, i a m\u00e9s a m\u00e9s ens expliquen un fet que ha passat a l&#8217;escola&#8230; o&hellip;  <a href=\"https:\/\/agora.xtec.cat\/ceip-joan-coret\/portada\/radio-especial-castahalloween\/\" title=\"Read R\u00e0dio especial CastaHalloween\">Llegeix m\u00e9s\u00bb<\/a><\/p>\n","protected":false},"author":3,"featured_media":0,"comment_status":"open","ping_status":"open","sticky":false,"template":"","format":"standard","meta":{"_bbp_topic_count":0,"_bbp_reply_count":0,"_bbp_total_topic_count":0,"_bbp_total_reply_count":0,"_bbp_voice_count":0,"_bbp_anonymous_reply_count":0,"_bbp_topic_count_hidden":0,"_bbp_reply_count_hidden":0,"_bbp_forum_subforum_count":0,"footnotes":""},"categories":[12,4],"tags":[],"class_list":["post-7280","post","type-post","status-publish","format-standard","hentry","category-3r","category-portada"],"post_mailing_queue_ids":[],"_links":{"self":[{"href":"https:\/\/agora.xtec.cat\/ceip-joan-coret\/wp-json\/wp\/v2\/posts\/7280","targetHints":{"allow":["GET"]}}],"collection":[{"href":"https:\/\/agora.xtec.cat\/ceip-joan-coret\/wp-json\/wp\/v2\/posts"}],"about":[{"href":"https:\/\/agora.xtec.cat\/ceip-joan-coret\/wp-json\/wp\/v2\/types\/post"}],"author":[{"embeddable":true,"href":"https:\/\/agora.xtec.cat\/ceip-joan-coret\/wp-json\/wp\/v2\/users\/3"}],"replies":[{"embeddable":true,"href":"https:\/\/agora.xtec.cat\/ceip-joan-coret\/wp-json\/wp\/v2\/comments?post=7280"}],"version-history":[{"count":1,"href":"https:\/\/agora.xtec.cat\/ceip-joan-coret\/wp-json\/wp\/v2\/posts\/7280\/revisions"}],"predecessor-version":[{"id":7281,"href":"https:\/\/agora.xtec.cat\/ceip-joan-coret\/wp-json\/wp\/v2\/posts\/7280\/revisions\/7281"}],"wp:attachment":[{"href":"https:\/\/agora.xtec.cat\/ceip-joan-coret\/wp-json\/wp\/v2\/media?parent=7280"}],"wp:term":[{"taxonomy":"category","embeddable":true,"href":"https:\/\/agora.xtec.cat\/ceip-joan-coret\/wp-json\/wp\/v2\/categories?post=7280"},{"taxonomy":"post_tag","embeddable":true,"href":"https:\/\/agora.xtec.cat\/ceip-joan-coret\/wp-json\/wp\/v2\/tags?post=7280"}],"curies":[{"name":"wp","href":"https:\/\/api.w.org\/{rel}","templated":true}]}}