{"id":7187,"date":"2025-04-01T09:24:11","date_gmt":"2025-04-01T07:24:11","guid":{"rendered":"https:\/\/agora.xtec.cat\/ceip-joan-coret\/?p=7187"},"modified":"2025-04-01T09:24:11","modified_gmt":"2025-04-01T07:24:11","slug":"podcast-6e","status":"publish","type":"post","link":"https:\/\/agora.xtec.cat\/ceip-joan-coret\/portada\/podcast-6e\/","title":{"rendered":"Podcast 6\u00e8"},"content":{"rendered":"<p>Hola a tothom! Ja tenim el primer podcast de 6\u00e8 d&#8217;aquest curs. Tenim diferents seccions: 2 de m\u00fasica, not\u00edcies, Cuina (4 receptes) i Recomanacions de Pel\u00b7l\u00edcules. No us el podeu perdre!<\/p>\n<p style=\"text-align: center;\"><iframe loading=\"lazy\" src=\"\/\/www.youtube.com\/embed\/KQn1bqI-CJw\" width=\"560\" height=\"314\" allowfullscreen=\"allowfullscreen\"><\/iframe><\/p>\n","protected":false},"excerpt":{"rendered":"<p>Hola a tothom! Ja tenim el primer podcast de 6\u00e8 d&#8217;aquest curs. Tenim diferents seccions: 2 de m\u00fasica, not\u00edcies, Cuina (4 receptes) i Recomanacions de Pel\u00b7l\u00edcules. No us el podeu perdre!<\/p>\n","protected":false},"author":3,"featured_media":0,"comment_status":"open","ping_status":"closed","sticky":false,"template":"","format":"standard","meta":{"_bbp_topic_count":0,"_bbp_reply_count":0,"_bbp_total_topic_count":0,"_bbp_total_reply_count":0,"_bbp_voice_count":0,"_bbp_anonymous_reply_count":0,"_bbp_topic_count_hidden":0,"_bbp_reply_count_hidden":0,"_bbp_forum_subforum_count":0,"footnotes":""},"categories":[4,5],"tags":[65,349,406],"class_list":["post-7187","post","type-post","status-publish","format-standard","hentry","category-portada","category-primaria","tag-6e","tag-escola-joan-coret","tag-podcast"],"post_mailing_queue_ids":[],"_links":{"self":[{"href":"https:\/\/agora.xtec.cat\/ceip-joan-coret\/wp-json\/wp\/v2\/posts\/7187","targetHints":{"allow":["GET"]}}],"collection":[{"href":"https:\/\/agora.xtec.cat\/ceip-joan-coret\/wp-json\/wp\/v2\/posts"}],"about":[{"href":"https:\/\/agora.xtec.cat\/ceip-joan-coret\/wp-json\/wp\/v2\/types\/post"}],"author":[{"embeddable":true,"href":"https:\/\/agora.xtec.cat\/ceip-joan-coret\/wp-json\/wp\/v2\/users\/3"}],"replies":[{"embeddable":true,"href":"https:\/\/agora.xtec.cat\/ceip-joan-coret\/wp-json\/wp\/v2\/comments?post=7187"}],"version-history":[{"count":1,"href":"https:\/\/agora.xtec.cat\/ceip-joan-coret\/wp-json\/wp\/v2\/posts\/7187\/revisions"}],"predecessor-version":[{"id":7188,"href":"https:\/\/agora.xtec.cat\/ceip-joan-coret\/wp-json\/wp\/v2\/posts\/7187\/revisions\/7188"}],"wp:attachment":[{"href":"https:\/\/agora.xtec.cat\/ceip-joan-coret\/wp-json\/wp\/v2\/media?parent=7187"}],"wp:term":[{"taxonomy":"category","embeddable":true,"href":"https:\/\/agora.xtec.cat\/ceip-joan-coret\/wp-json\/wp\/v2\/categories?post=7187"},{"taxonomy":"post_tag","embeddable":true,"href":"https:\/\/agora.xtec.cat\/ceip-joan-coret\/wp-json\/wp\/v2\/tags?post=7187"}],"curies":[{"name":"wp","href":"https:\/\/api.w.org\/{rel}","templated":true}]}}