{"id":7182,"date":"2025-03-17T21:27:54","date_gmt":"2025-03-17T20:27:54","guid":{"rendered":"https:\/\/agora.xtec.cat\/ceip-joan-coret\/?p=7182"},"modified":"2025-03-17T21:27:54","modified_gmt":"2025-03-17T20:27:54","slug":"radio-a-4rt","status":"publish","type":"post","link":"https:\/\/agora.xtec.cat\/ceip-joan-coret\/portada\/radio-a-4rt\/","title":{"rendered":"R\u00e0dio a 4rt"},"content":{"rendered":"<p style=\"text-align: left;\">Hola, ens fa molta il\u00b7lusi\u00f3 presentar-vos l&#8217;estrena del programa de R\u00e0dio de 4rt anomenat &#8220;SUPERCORET&#8221;. Hem comen\u00e7at amb una entrevista a alumnes de 5\u00e8 per a que ens expliquin la seva experi\u00e8ncia a les Col\u00f2nies del curs passat. Voleu sentir-la? Aqu\u00ed la teniu! Ja tenim ganes de m\u00e9s seccions de la nostra R\u00e0dio a 4rt.<\/p>\n<p style=\"text-align: center;\"><iframe loading=\"lazy\" src=\"\/\/www.youtube.com\/embed\/c6ZZoUHHLGQ\" width=\"560\" height=\"314\" allowfullscreen=\"allowfullscreen\"><\/iframe><\/p>\n","protected":false},"excerpt":{"rendered":"<p>Hola, ens fa molta il\u00b7lusi\u00f3 presentar-vos l&#8217;estrena del programa de R\u00e0dio de 4rt anomenat &#8220;SUPERCORET&#8221;. Hem comen\u00e7at amb una entrevista a alumnes de 5\u00e8 per a que ens expliquin la seva experi\u00e8ncia a les Col\u00f2nies del curs passat. Voleu sentir-la? Aqu\u00ed la teniu! Ja tenim&hellip;  <a href=\"https:\/\/agora.xtec.cat\/ceip-joan-coret\/portada\/radio-a-4rt\/\" title=\"Read R\u00e0dio a 4rt\">Llegeix m\u00e9s\u00bb<\/a><\/p>\n","protected":false},"author":3,"featured_media":7183,"comment_status":"open","ping_status":"closed","sticky":false,"template":"","format":"standard","meta":{"_bbp_topic_count":0,"_bbp_reply_count":0,"_bbp_total_topic_count":0,"_bbp_total_reply_count":0,"_bbp_voice_count":0,"_bbp_anonymous_reply_count":0,"_bbp_topic_count_hidden":0,"_bbp_reply_count_hidden":0,"_bbp_forum_subforum_count":0,"footnotes":""},"categories":[13,14,4],"tags":[349,381,419],"class_list":["post-7182","post","type-post","status-publish","format-standard","has-post-thumbnail","hentry","category-4t","category-5e","category-portada","tag-escola-joan-coret","tag-joan-coret","tag-radio"],"post_mailing_queue_ids":[],"_links":{"self":[{"href":"https:\/\/agora.xtec.cat\/ceip-joan-coret\/wp-json\/wp\/v2\/posts\/7182","targetHints":{"allow":["GET"]}}],"collection":[{"href":"https:\/\/agora.xtec.cat\/ceip-joan-coret\/wp-json\/wp\/v2\/posts"}],"about":[{"href":"https:\/\/agora.xtec.cat\/ceip-joan-coret\/wp-json\/wp\/v2\/types\/post"}],"author":[{"embeddable":true,"href":"https:\/\/agora.xtec.cat\/ceip-joan-coret\/wp-json\/wp\/v2\/users\/3"}],"replies":[{"embeddable":true,"href":"https:\/\/agora.xtec.cat\/ceip-joan-coret\/wp-json\/wp\/v2\/comments?post=7182"}],"version-history":[{"count":1,"href":"https:\/\/agora.xtec.cat\/ceip-joan-coret\/wp-json\/wp\/v2\/posts\/7182\/revisions"}],"predecessor-version":[{"id":7184,"href":"https:\/\/agora.xtec.cat\/ceip-joan-coret\/wp-json\/wp\/v2\/posts\/7182\/revisions\/7184"}],"wp:featuredmedia":[{"embeddable":true,"href":"https:\/\/agora.xtec.cat\/ceip-joan-coret\/wp-json\/wp\/v2\/media\/7183"}],"wp:attachment":[{"href":"https:\/\/agora.xtec.cat\/ceip-joan-coret\/wp-json\/wp\/v2\/media?parent=7182"}],"wp:term":[{"taxonomy":"category","embeddable":true,"href":"https:\/\/agora.xtec.cat\/ceip-joan-coret\/wp-json\/wp\/v2\/categories?post=7182"},{"taxonomy":"post_tag","embeddable":true,"href":"https:\/\/agora.xtec.cat\/ceip-joan-coret\/wp-json\/wp\/v2\/tags?post=7182"}],"curies":[{"name":"wp","href":"https:\/\/api.w.org\/{rel}","templated":true}]}}