{"id":7160,"date":"2025-02-21T09:37:01","date_gmt":"2025-02-21T08:37:01","guid":{"rendered":"https:\/\/agora.xtec.cat\/ceip-joan-coret\/?p=7160"},"modified":"2025-02-21T09:37:01","modified_gmt":"2025-02-21T08:37:01","slug":"teatre-a-4rt","status":"publish","type":"post","link":"https:\/\/agora.xtec.cat\/ceip-joan-coret\/portada\/teatre-a-4rt\/","title":{"rendered":"Teatre a 4rt"},"content":{"rendered":"<p>Les dues classes de 4rt hem fet unes petites representacions teatrals amb el tema de &#8220;LA LLIBERTAT&#8221;. Va ser una experi\u00e8ncia amb molts nervis perqu\u00e8 venien les fam\u00edlies a veure les obres i a m\u00e9s a m\u00e9s havia una feina molt gran al darrera. En breu us publicarem les representacions, mentrestant podeu veure una petita mostra. Esperem que us agradi!<\/p>\n<p style=\"text-align: center;\"><iframe loading=\"lazy\" src=\"\/\/www.youtube.com\/embed\/X8eu0vvrHMM\" width=\"560\" height=\"314\" allowfullscreen=\"allowfullscreen\"><\/iframe><\/p>\n","protected":false},"excerpt":{"rendered":"<p>Les dues classes de 4rt hem fet unes petites representacions teatrals amb el tema de &#8220;LA LLIBERTAT&#8221;. Va ser una experi\u00e8ncia amb molts nervis perqu\u00e8 venien les fam\u00edlies a veure les obres i a m\u00e9s a m\u00e9s havia una feina molt gran al darrera. En&hellip;  <a href=\"https:\/\/agora.xtec.cat\/ceip-joan-coret\/portada\/teatre-a-4rt\/\" title=\"Read Teatre a 4rt\">Llegeix m\u00e9s\u00bb<\/a><\/p>\n","protected":false},"author":3,"featured_media":7161,"comment_status":"open","ping_status":"closed","sticky":false,"template":"","format":"standard","meta":{"_bbp_topic_count":0,"_bbp_reply_count":0,"_bbp_total_topic_count":0,"_bbp_total_reply_count":0,"_bbp_voice_count":0,"_bbp_anonymous_reply_count":0,"_bbp_topic_count_hidden":0,"_bbp_reply_count_hidden":0,"_bbp_forum_subforum_count":0,"footnotes":""},"categories":[13,4],"tags":[],"class_list":["post-7160","post","type-post","status-publish","format-standard","has-post-thumbnail","hentry","category-4t","category-portada"],"post_mailing_queue_ids":[],"_links":{"self":[{"href":"https:\/\/agora.xtec.cat\/ceip-joan-coret\/wp-json\/wp\/v2\/posts\/7160","targetHints":{"allow":["GET"]}}],"collection":[{"href":"https:\/\/agora.xtec.cat\/ceip-joan-coret\/wp-json\/wp\/v2\/posts"}],"about":[{"href":"https:\/\/agora.xtec.cat\/ceip-joan-coret\/wp-json\/wp\/v2\/types\/post"}],"author":[{"embeddable":true,"href":"https:\/\/agora.xtec.cat\/ceip-joan-coret\/wp-json\/wp\/v2\/users\/3"}],"replies":[{"embeddable":true,"href":"https:\/\/agora.xtec.cat\/ceip-joan-coret\/wp-json\/wp\/v2\/comments?post=7160"}],"version-history":[{"count":1,"href":"https:\/\/agora.xtec.cat\/ceip-joan-coret\/wp-json\/wp\/v2\/posts\/7160\/revisions"}],"predecessor-version":[{"id":7162,"href":"https:\/\/agora.xtec.cat\/ceip-joan-coret\/wp-json\/wp\/v2\/posts\/7160\/revisions\/7162"}],"wp:featuredmedia":[{"embeddable":true,"href":"https:\/\/agora.xtec.cat\/ceip-joan-coret\/wp-json\/wp\/v2\/media\/7161"}],"wp:attachment":[{"href":"https:\/\/agora.xtec.cat\/ceip-joan-coret\/wp-json\/wp\/v2\/media?parent=7160"}],"wp:term":[{"taxonomy":"category","embeddable":true,"href":"https:\/\/agora.xtec.cat\/ceip-joan-coret\/wp-json\/wp\/v2\/categories?post=7160"},{"taxonomy":"post_tag","embeddable":true,"href":"https:\/\/agora.xtec.cat\/ceip-joan-coret\/wp-json\/wp\/v2\/tags?post=7160"}],"curies":[{"name":"wp","href":"https:\/\/api.w.org\/{rel}","templated":true}]}}