{"id":7145,"date":"2025-02-10T09:31:10","date_gmt":"2025-02-10T08:31:10","guid":{"rendered":"https:\/\/agora.xtec.cat\/ceip-joan-coret\/?p=7145"},"modified":"2025-02-10T09:31:10","modified_gmt":"2025-02-10T08:31:10","slug":"fotos-varies-5e-24-25","status":"publish","type":"post","link":"https:\/\/agora.xtec.cat\/ceip-joan-coret\/portada\/fotos-varies-5e-24-25\/","title":{"rendered":"Fotos V\u00e0ries 5\u00e8 24-25"},"content":{"rendered":"<p>Voleu veure algunes de les activitats que treballem a 5\u00e8? Doncs aqu\u00ed teniu tot un seguit de fotos per a poder veure-ho:<\/p>\n<ul>\n<li>Tutoria 5\u00e8 :\u00a0 \u00a0<a href=\"https:\/\/photos.app.goo.gl\/oMhrvn8QJJCYSQhi6\" target=\"_blank\" rel=\"noopener\">https:\/\/photos.app.goo.gl\/oMhrvn8QJJCYSQhi6<\/a><\/li>\n<li>Setmana Ci\u00e8ncia:\u00a0<a href=\"https:\/\/photos.app.goo.gl\/mTAqQ5dUStQGrZVF9\" target=\"_blank\" rel=\"noopener\">https:\/\/photos.app.goo.gl\/mTAqQ5dUStQGrZVF9<\/a><\/li>\n<li>Cosmocaixa 5\u00e8:\u00a0<a href=\"https:\/\/photos.app.goo.gl\/3uxB4MVCdNoiWofv5\" target=\"_blank\" rel=\"noopener\">https:\/\/photos.app.goo.gl\/3uxB4MVCdNoiWofv5<\/a><\/li>\n<li>Museu Hist\u00f2ria 5\u00e8:\u00a0<a href=\"https:\/\/photos.app.goo.gl\/ziuks6ybxtXLYZh88\" target=\"_blank\" rel=\"noopener\">https:\/\/photos.app.goo.gl\/ziuks6ybxtXLYZh88<\/a><\/li>\n<li>Teatro Castellano :\u00a0<a href=\"https:\/\/photos.app.goo.gl\/kDQEmg4fzb1Aort5A\" target=\"_blank\" rel=\"noopener\">https:\/\/photos.app.goo.gl\/kDQEmg4fzb1Aort5A<\/a><\/li>\n<\/ul>\n","protected":false},"excerpt":{"rendered":"<p>Voleu veure algunes de les activitats que treballem a 5\u00e8? Doncs aqu\u00ed teniu tot un seguit de fotos per a poder veure-ho:<\/p>\n<ul>\n<li>Tutoria 5\u00e8 :\u00a0 \u00a0<a href=\"https:\/\/photos.app.goo.gl\/oMhrvn8QJJCYSQhi6\" target=\"_blank\" rel=\"noopener\">https:\/\/photos.app.goo.gl\/oMhrvn8QJJCYSQhi6<\/a><\/li>\n<li>Setmana Ci\u00e8ncia:\u00a0<a href=\"https:\/\/photos.app.goo.gl\/mTAqQ5dUStQGrZVF9\" target=\"_blank\" rel=\"noopener\">https:\/\/photos.app.goo.gl\/mTAqQ5dUStQGrZVF9<\/a><\/li>\n<li>Cosmocaixa 5\u00e8:\u00a0<a href=\"https:\/\/photos.app.goo.gl\/3uxB4MVCdNoiWofv5\" target=\"_blank\" rel=\"noopener\">https:\/\/photos.app.goo.gl\/3uxB4MVCdNoiWofv5<\/a><\/li>\n<li>Museu Hist\u00f2ria 5\u00e8:\u00a0<a href=\"https:\/\/photos.app.goo.gl\/ziuks6ybxtXLYZh88\" target=\"_blank\" rel=\"noopener\">https:\/\/photos.app.goo.gl\/ziuks6ybxtXLYZh88<\/a><\/li>\n<li>Teatro Castellano :\u00a0<a href=\"https:\/\/photos.app.goo.gl\/kDQEmg4fzb1Aort5A\" target=\"_blank\"&hellip;  <a href=\"https:\/\/agora.xtec.cat\/ceip-joan-coret\/portada\/fotos-varies-5e-24-25\/\" title=\"Read Fotos V\u00e0ries 5\u00e8 24-25\">Llegeix m\u00e9s\u00bb<\/a><br \/>\n","protected":false},"author":3,"featured_media":0,"comment_status":"open","ping_status":"closed","sticky":false,"template":"","format":"standard","meta":{"_bbp_topic_count":0,"_bbp_reply_count":0,"_bbp_total_topic_count":0,"_bbp_total_reply_count":0,"_bbp_voice_count":0,"_bbp_anonymous_reply_count":0,"_bbp_topic_count_hidden":0,"_bbp_reply_count_hidden":0,"_bbp_forum_subforum_count":0,"footnotes":""},"categories":[15,4],"tags":[],"class_list":["post-7145","post","type-post","status-publish","format-standard","hentry","category-6e","category-portada"],"post_mailing_queue_ids":[],"_links":{"self":[{"href":"https:\/\/agora.xtec.cat\/ceip-joan-coret\/wp-json\/wp\/v2\/posts\/7145","targetHints":{"allow":["GET"]}}],"collection":[{"href":"https:\/\/agora.xtec.cat\/ceip-joan-coret\/wp-json\/wp\/v2\/posts"}],"about":[{"href":"https:\/\/agora.xtec.cat\/ceip-joan-coret\/wp-json\/wp\/v2\/types\/post"}],"author":[{"embeddable":true,"href":"https:\/\/agora.xtec.cat\/ceip-joan-coret\/wp-json\/wp\/v2\/users\/3"}],"replies":[{"embeddable":true,"href":"https:\/\/agora.xtec.cat\/ceip-joan-coret\/wp-json\/wp\/v2\/comments?post=7145"}],"version-history":[{"count":1,"href":"https:\/\/agora.xtec.cat\/ceip-joan-coret\/wp-json\/wp\/v2\/posts\/7145\/revisions"}],"predecessor-version":[{"id":7146,"href":"https:\/\/agora.xtec.cat\/ceip-joan-coret\/wp-json\/wp\/v2\/posts\/7145\/revisions\/7146"}],"wp:attachment":[{"href":"https:\/\/agora.xtec.cat\/ceip-joan-coret\/wp-json\/wp\/v2\/media?parent=7145"}],"wp:term":[{"taxonomy":"category","embeddable":true,"href":"https:\/\/agora.xtec.cat\/ceip-joan-coret\/wp-json\/wp\/v2\/categories?post=7145"},{"taxonomy":"post_tag","embeddable":true,"href":"https:\/\/agora.xtec.cat\/ceip-joan-coret\/wp-json\/wp\/v2\/tags?post=7145"}],"curies":[{"name":"wp","href":"https:\/\/api.w.org\/{rel}","templated":true}]}}