{"id":7143,"date":"2025-02-06T16:13:52","date_gmt":"2025-02-06T15:13:52","guid":{"rendered":"https:\/\/agora.xtec.cat\/ceip-joan-coret\/?p=7143"},"modified":"2025-02-06T16:13:52","modified_gmt":"2025-02-06T15:13:52","slug":"badakorfbol-24-25","status":"publish","type":"post","link":"https:\/\/agora.xtec.cat\/ceip-joan-coret\/portada\/badakorfbol-24-25\/","title":{"rendered":"Badakorfbol 24-25"},"content":{"rendered":"<p align=\"justify\">El passat dimarts 4 de febrer, dins de l\u2019\u00e0rea d\u2019educaci\u00f3 f\u00edsica, els infants de 6<sup>\u00e8<\/sup> van poder gaudir de la seva \u00faltima jornada del Badasport. Despr\u00e9s d\u2019haver fet el Badaorientaci\u00f3 a 4<sup>t<\/sup> i el Badatletisme a 5<sup>\u00e8<\/sup>, aquest cop va estar dedicada al Badakorfbol.<\/p>\n<p align=\"justify\">\n<p align=\"justify\">Durant tot el mat\u00ed van estar jugant molts partits amb altres escoles i van gaudir d\u2019una jornada esportiva organitzada per l\u2019equip de mestres d\u2019educaci\u00f3 f\u00edsica de les escoles de Badalona.<\/p>\n<p align=\"justify\">Van tornar a l\u2019escola cansats i contentes d\u2019haver viscut aquesta \u00faltima experi\u00e8ncia del Badasport.<\/p>\n<p><a href=\"https:\/\/photos.app.goo.gl\/4sZzNWcBdDQFVBeY8\" target=\"_blank\" rel=\"noopener\">https:\/\/photos.app.goo.gl\/4sZzNWcBdDQFVBeY8<\/a><\/p>\n","protected":false},"excerpt":{"rendered":"<p>El passat dimarts 4 de febrer, dins de l\u2019\u00e0rea d\u2019educaci\u00f3 f\u00edsica, els infants de 6\u00e8 van poder gaudir de la seva \u00faltima jornada del Badasport. Despr\u00e9s d\u2019haver fet el Badaorientaci\u00f3 a 4t i el Badatletisme a 5\u00e8, aquest cop va estar dedicada al Badakorfbol.<\/p>\n<p>Durant tot&hellip;  <a href=\"https:\/\/agora.xtec.cat\/ceip-joan-coret\/portada\/badakorfbol-24-25\/\" title=\"Read Badakorfbol 24-25\">Llegeix m\u00e9s\u00bb<\/a><\/p>\n","protected":false},"author":3,"featured_media":0,"comment_status":"open","ping_status":"closed","sticky":false,"template":"","format":"standard","meta":{"_bbp_topic_count":0,"_bbp_reply_count":0,"_bbp_total_topic_count":0,"_bbp_total_reply_count":0,"_bbp_voice_count":0,"_bbp_anonymous_reply_count":0,"_bbp_topic_count_hidden":0,"_bbp_reply_count_hidden":0,"_bbp_forum_subforum_count":0,"footnotes":""},"categories":[15,64,4],"tags":[296],"class_list":["post-7143","post","type-post","status-publish","format-standard","hentry","category-6e","category-educacio-fisica","category-portada","tag-badakorfbol"],"post_mailing_queue_ids":[],"_links":{"self":[{"href":"https:\/\/agora.xtec.cat\/ceip-joan-coret\/wp-json\/wp\/v2\/posts\/7143","targetHints":{"allow":["GET"]}}],"collection":[{"href":"https:\/\/agora.xtec.cat\/ceip-joan-coret\/wp-json\/wp\/v2\/posts"}],"about":[{"href":"https:\/\/agora.xtec.cat\/ceip-joan-coret\/wp-json\/wp\/v2\/types\/post"}],"author":[{"embeddable":true,"href":"https:\/\/agora.xtec.cat\/ceip-joan-coret\/wp-json\/wp\/v2\/users\/3"}],"replies":[{"embeddable":true,"href":"https:\/\/agora.xtec.cat\/ceip-joan-coret\/wp-json\/wp\/v2\/comments?post=7143"}],"version-history":[{"count":1,"href":"https:\/\/agora.xtec.cat\/ceip-joan-coret\/wp-json\/wp\/v2\/posts\/7143\/revisions"}],"predecessor-version":[{"id":7144,"href":"https:\/\/agora.xtec.cat\/ceip-joan-coret\/wp-json\/wp\/v2\/posts\/7143\/revisions\/7144"}],"wp:attachment":[{"href":"https:\/\/agora.xtec.cat\/ceip-joan-coret\/wp-json\/wp\/v2\/media?parent=7143"}],"wp:term":[{"taxonomy":"category","embeddable":true,"href":"https:\/\/agora.xtec.cat\/ceip-joan-coret\/wp-json\/wp\/v2\/categories?post=7143"},{"taxonomy":"post_tag","embeddable":true,"href":"https:\/\/agora.xtec.cat\/ceip-joan-coret\/wp-json\/wp\/v2\/tags?post=7143"}],"curies":[{"name":"wp","href":"https:\/\/api.w.org\/{rel}","templated":true}]}}