{"id":7141,"date":"2025-02-06T16:10:25","date_gmt":"2025-02-06T15:10:25","guid":{"rendered":"https:\/\/agora.xtec.cat\/ceip-joan-coret\/?p=7141"},"modified":"2025-02-06T16:10:25","modified_gmt":"2025-02-06T15:10:25","slug":"batukada-6e","status":"publish","type":"post","link":"https:\/\/agora.xtec.cat\/ceip-joan-coret\/portada\/batukada-6e\/","title":{"rendered":"Batukada 6\u00e8"},"content":{"rendered":"<p align=\"left\">El passat dimecres 29 de gener, dins de l\u2019\u00e0rea de m\u00fasica, els infants de 6<sup>\u00e8<\/sup> van poder gaudir d\u2019un taller de batukada dins l\u2019escola.<\/p>\n<p align=\"left\">Van aprendre, de primera m\u00e0, tots els instruments, la hist\u00f2ria i els ritmes t\u00edpics d\u2019una batukada. Sota la direcci\u00f3 d\u2019en Sebasti\u00e1n, director del grup de batukada B\u00e0tec, els i les alumnes van estar tocant tots els instruments de percussi\u00f3 i van formar un grup de batukada que va sonar d\u2019all\u00f2 m\u00e9s b\u00e9.<\/p>\n<p align=\"left\">Quin ritme tenien!<\/p>\n<p align=\"left\">Van gaudir molt de l\u2019experi\u00e8ncia. Fins i tot creiem que alg\u00fa o alguna es va quedar amb ganes de m\u00e9s i van marxar preguntant com apuntar-se a un grup de batukada.<\/p>\n<p align=\"left\"><a href=\"https:\/\/photos.app.goo.gl\/bFYDqPZzMNZMTUQz6\" target=\"_blank\" rel=\"noopener\">https:\/\/photos.app.goo.gl\/bFYDqPZzMNZMTUQz6<\/a><\/p>\n","protected":false},"excerpt":{"rendered":"<p>El passat dimecres 29 de gener, dins de l\u2019\u00e0rea de m\u00fasica, els infants de 6\u00e8 van poder gaudir d\u2019un taller de batukada dins l\u2019escola.<br \/>\nVan aprendre, de primera m\u00e0, tots els instruments, la hist\u00f2ria i els ritmes t\u00edpics d\u2019una batukada. Sota la direcci\u00f3 d\u2019en Sebasti\u00e1n, director&hellip;  <a href=\"https:\/\/agora.xtec.cat\/ceip-joan-coret\/portada\/batukada-6e\/\" title=\"Read Batukada 6\u00e8\">Llegeix m\u00e9s\u00bb<\/a><\/p>\n","protected":false},"author":3,"featured_media":0,"comment_status":"open","ping_status":"closed","sticky":false,"template":"","format":"standard","meta":{"_bbp_topic_count":0,"_bbp_reply_count":0,"_bbp_total_topic_count":0,"_bbp_total_reply_count":0,"_bbp_voice_count":0,"_bbp_anonymous_reply_count":0,"_bbp_topic_count_hidden":0,"_bbp_reply_count_hidden":0,"_bbp_forum_subforum_count":0,"footnotes":""},"categories":[15,4],"tags":[418,381],"class_list":["post-7141","post","type-post","status-publish","format-standard","hentry","category-6e","category-portada","tag-batukada","tag-joan-coret"],"post_mailing_queue_ids":[],"_links":{"self":[{"href":"https:\/\/agora.xtec.cat\/ceip-joan-coret\/wp-json\/wp\/v2\/posts\/7141","targetHints":{"allow":["GET"]}}],"collection":[{"href":"https:\/\/agora.xtec.cat\/ceip-joan-coret\/wp-json\/wp\/v2\/posts"}],"about":[{"href":"https:\/\/agora.xtec.cat\/ceip-joan-coret\/wp-json\/wp\/v2\/types\/post"}],"author":[{"embeddable":true,"href":"https:\/\/agora.xtec.cat\/ceip-joan-coret\/wp-json\/wp\/v2\/users\/3"}],"replies":[{"embeddable":true,"href":"https:\/\/agora.xtec.cat\/ceip-joan-coret\/wp-json\/wp\/v2\/comments?post=7141"}],"version-history":[{"count":1,"href":"https:\/\/agora.xtec.cat\/ceip-joan-coret\/wp-json\/wp\/v2\/posts\/7141\/revisions"}],"predecessor-version":[{"id":7142,"href":"https:\/\/agora.xtec.cat\/ceip-joan-coret\/wp-json\/wp\/v2\/posts\/7141\/revisions\/7142"}],"wp:attachment":[{"href":"https:\/\/agora.xtec.cat\/ceip-joan-coret\/wp-json\/wp\/v2\/media?parent=7141"}],"wp:term":[{"taxonomy":"category","embeddable":true,"href":"https:\/\/agora.xtec.cat\/ceip-joan-coret\/wp-json\/wp\/v2\/categories?post=7141"},{"taxonomy":"post_tag","embeddable":true,"href":"https:\/\/agora.xtec.cat\/ceip-joan-coret\/wp-json\/wp\/v2\/tags?post=7141"}],"curies":[{"name":"wp","href":"https:\/\/api.w.org\/{rel}","templated":true}]}}