{"id":7108,"date":"2025-01-23T13:08:02","date_gmt":"2025-01-23T12:08:02","guid":{"rendered":"https:\/\/agora.xtec.cat\/ceip-joan-coret\/?p=7108"},"modified":"2025-01-30T20:38:13","modified_gmt":"2025-01-30T19:38:13","slug":"donacio-de-sang","status":"publish","type":"post","link":"https:\/\/agora.xtec.cat\/ceip-joan-coret\/portada\/donacio-de-sang\/","title":{"rendered":"Donaci\u00f3 de Sang"},"content":{"rendered":"<p align=\"justify\">El passat divendres 17 de gener els i les alumnes de 6\u00e8 van col\u00b7laborar amb el banc de sang organitzant una jornada de donaci\u00f3 de sang a l\u2019escola.<\/p>\n<p align=\"justify\">Al llarg de tot el primer trimestre els nens i nenes van estar realitzant diferents tasques relacionades amb la campanya de donaci\u00f3 de sang des de diferents \u00e0mbits: medi natural, llengua catalana i educaci\u00f3 art\u00edstica, on va participar tot l\u2019alumnat de 6\u00e8.<\/p>\n<p align=\"justify\">La jornada de donaci\u00f3 que es va fer a l\u2019escola va ser tot un \u00e8xit i els i les alumnes de 6\u00e8 van gaudir de l\u2019experi\u00e8ncia.<\/p>\n<p align=\"justify\">Fotos de la Jornada:<\/p>\n<p><a href=\"https:\/\/photos.app.goo.gl\/NXfQeAfjXKkZUa7V8\" target=\"_blank\" rel=\"noopener\">https:\/\/photos.app.goo.gl\/NXfQeAfjXKkZUa7V8<\/a><\/p>\n","protected":false},"excerpt":{"rendered":"<p>El passat divendres 17 de gener els i les alumnes de 6\u00e8 van col\u00b7laborar amb el banc de sang organitzant una jornada de donaci\u00f3 de sang a l\u2019escola.<br \/>\nAl llarg de tot el primer trimestre els nens i nenes van estar realitzant diferents tasques relacionades amb&hellip;  <a href=\"https:\/\/agora.xtec.cat\/ceip-joan-coret\/portada\/donacio-de-sang\/\" title=\"Read Donaci\u00f3 de Sang\">Llegeix m\u00e9s\u00bb<\/a><\/p>\n","protected":false},"author":3,"featured_media":0,"comment_status":"open","ping_status":"closed","sticky":false,"template":"","format":"standard","meta":{"_bbp_topic_count":0,"_bbp_reply_count":0,"_bbp_total_topic_count":0,"_bbp_total_reply_count":0,"_bbp_voice_count":0,"_bbp_anonymous_reply_count":0,"_bbp_topic_count_hidden":0,"_bbp_reply_count_hidden":0,"_bbp_forum_subforum_count":0,"footnotes":""},"categories":[4,5],"tags":[417],"class_list":["post-7108","post","type-post","status-publish","format-standard","hentry","category-portada","category-primaria","tag-donacio-de-sang"],"post_mailing_queue_ids":[],"_links":{"self":[{"href":"https:\/\/agora.xtec.cat\/ceip-joan-coret\/wp-json\/wp\/v2\/posts\/7108","targetHints":{"allow":["GET"]}}],"collection":[{"href":"https:\/\/agora.xtec.cat\/ceip-joan-coret\/wp-json\/wp\/v2\/posts"}],"about":[{"href":"https:\/\/agora.xtec.cat\/ceip-joan-coret\/wp-json\/wp\/v2\/types\/post"}],"author":[{"embeddable":true,"href":"https:\/\/agora.xtec.cat\/ceip-joan-coret\/wp-json\/wp\/v2\/users\/3"}],"replies":[{"embeddable":true,"href":"https:\/\/agora.xtec.cat\/ceip-joan-coret\/wp-json\/wp\/v2\/comments?post=7108"}],"version-history":[{"count":1,"href":"https:\/\/agora.xtec.cat\/ceip-joan-coret\/wp-json\/wp\/v2\/posts\/7108\/revisions"}],"predecessor-version":[{"id":7109,"href":"https:\/\/agora.xtec.cat\/ceip-joan-coret\/wp-json\/wp\/v2\/posts\/7108\/revisions\/7109"}],"wp:attachment":[{"href":"https:\/\/agora.xtec.cat\/ceip-joan-coret\/wp-json\/wp\/v2\/media?parent=7108"}],"wp:term":[{"taxonomy":"category","embeddable":true,"href":"https:\/\/agora.xtec.cat\/ceip-joan-coret\/wp-json\/wp\/v2\/categories?post=7108"},{"taxonomy":"post_tag","embeddable":true,"href":"https:\/\/agora.xtec.cat\/ceip-joan-coret\/wp-json\/wp\/v2\/tags?post=7108"}],"curies":[{"name":"wp","href":"https:\/\/api.w.org\/{rel}","templated":true}]}}