{"id":7099,"date":"2025-01-13T19:45:02","date_gmt":"2025-01-13T18:45:02","guid":{"rendered":"https:\/\/agora.xtec.cat\/ceip-joan-coret\/?p=7099"},"modified":"2025-01-13T19:48:15","modified_gmt":"2025-01-13T18:48:15","slug":"per-que-hem-de-donar-sang","status":"publish","type":"post","link":"https:\/\/agora.xtec.cat\/ceip-joan-coret\/general\/per-que-hem-de-donar-sang\/","title":{"rendered":"Per qu\u00e8 hem de donar sang?"},"content":{"rendered":"<p>L&#8217;alumnat de 6\u00e8, a partir del treball a l&#8217;aula del text argumentatiu, continuen amb la promoci\u00f3 de la campanya de donaci\u00f3 de sang. Han escrit textos donant-vos arguments per a qu\u00e8 vingueu a donar sang aquest divendres a l&#8217;escola.<\/p>\n<p style=\"text-align: right;\"><img loading=\"lazy\" decoding=\"async\" class=\"alignnone size-medium wp-image-7100\" src=\"https:\/\/agora.xtec.cat\/ceip-joan-coret\/wp-content\/uploads\/usu1194\/2025\/01\/Donacio-de-sang_page-0001-212x300.jpg\" alt=\"\" width=\"212\" height=\"300\" srcset=\"https:\/\/agora.xtec.cat\/ceip-joan-coret\/wp-content\/uploads\/usu1194\/2025\/01\/Donacio-de-sang_page-0001-212x300.jpg 212w, https:\/\/agora.xtec.cat\/ceip-joan-coret\/wp-content\/uploads\/usu1194\/2025\/01\/Donacio-de-sang_page-0001-724x1024.jpg 724w, https:\/\/agora.xtec.cat\/ceip-joan-coret\/wp-content\/uploads\/usu1194\/2025\/01\/Donacio-de-sang_page-0001-768x1086.jpg 768w, https:\/\/agora.xtec.cat\/ceip-joan-coret\/wp-content\/uploads\/usu1194\/2025\/01\/Donacio-de-sang_page-0001-1086x1536.jpg 1086w, https:\/\/agora.xtec.cat\/ceip-joan-coret\/wp-content\/uploads\/usu1194\/2025\/01\/Donacio-de-sang_page-0001.jpg 1241w\" sizes=\"auto, (max-width: 212px) 100vw, 212px\" \/> <img loading=\"lazy\" decoding=\"async\" class=\"alignnone size-medium wp-image-7101\" src=\"https:\/\/agora.xtec.cat\/ceip-joan-coret\/wp-content\/uploads\/usu1194\/2025\/01\/Donar-sang_page-0001-169x300.jpg\" alt=\"\" width=\"169\" height=\"300\" srcset=\"https:\/\/agora.xtec.cat\/ceip-joan-coret\/wp-content\/uploads\/usu1194\/2025\/01\/Donar-sang_page-0001-169x300.jpg 169w, https:\/\/agora.xtec.cat\/ceip-joan-coret\/wp-content\/uploads\/usu1194\/2025\/01\/Donar-sang_page-0001-576x1024.jpg 576w, https:\/\/agora.xtec.cat\/ceip-joan-coret\/wp-content\/uploads\/usu1194\/2025\/01\/Donar-sang_page-0001-768x1365.jpg 768w, https:\/\/agora.xtec.cat\/ceip-joan-coret\/wp-content\/uploads\/usu1194\/2025\/01\/Donar-sang_page-0001-864x1536.jpg 864w, https:\/\/agora.xtec.cat\/ceip-joan-coret\/wp-content\/uploads\/usu1194\/2025\/01\/Donar-sang_page-0001-1152x2048.jpg 1152w, https:\/\/agora.xtec.cat\/ceip-joan-coret\/wp-content\/uploads\/usu1194\/2025\/01\/Donar-sang_page-0001-scaled.jpg 1440w\" sizes=\"auto, (max-width: 169px) 100vw, 169px\" \/><\/p>\n","protected":false},"excerpt":{"rendered":"<p>L&#8217;alumnat de 6\u00e8, a partir del treball a l&#8217;aula del text argumentatiu, continuen amb la promoci\u00f3 de la campanya de donaci\u00f3 de sang. Han escrit textos donant-vos arguments per a qu\u00e8 vingueu a donar sang aquest divendres a l&#8217;escola.<\/p>\n","protected":false},"author":4,"featured_media":0,"comment_status":"open","ping_status":"closed","sticky":false,"template":"","format":"standard","meta":{"_bbp_topic_count":0,"_bbp_reply_count":0,"_bbp_total_topic_count":0,"_bbp_total_reply_count":0,"_bbp_voice_count":0,"_bbp_anonymous_reply_count":0,"_bbp_topic_count_hidden":0,"_bbp_reply_count_hidden":0,"_bbp_forum_subforum_count":0,"footnotes":""},"categories":[1,4],"tags":[],"class_list":["post-7099","post","type-post","status-publish","format-standard","hentry","category-general","category-portada"],"post_mailing_queue_ids":[],"_links":{"self":[{"href":"https:\/\/agora.xtec.cat\/ceip-joan-coret\/wp-json\/wp\/v2\/posts\/7099","targetHints":{"allow":["GET"]}}],"collection":[{"href":"https:\/\/agora.xtec.cat\/ceip-joan-coret\/wp-json\/wp\/v2\/posts"}],"about":[{"href":"https:\/\/agora.xtec.cat\/ceip-joan-coret\/wp-json\/wp\/v2\/types\/post"}],"author":[{"embeddable":true,"href":"https:\/\/agora.xtec.cat\/ceip-joan-coret\/wp-json\/wp\/v2\/users\/4"}],"replies":[{"embeddable":true,"href":"https:\/\/agora.xtec.cat\/ceip-joan-coret\/wp-json\/wp\/v2\/comments?post=7099"}],"version-history":[{"count":2,"href":"https:\/\/agora.xtec.cat\/ceip-joan-coret\/wp-json\/wp\/v2\/posts\/7099\/revisions"}],"predecessor-version":[{"id":7105,"href":"https:\/\/agora.xtec.cat\/ceip-joan-coret\/wp-json\/wp\/v2\/posts\/7099\/revisions\/7105"}],"wp:attachment":[{"href":"https:\/\/agora.xtec.cat\/ceip-joan-coret\/wp-json\/wp\/v2\/media?parent=7099"}],"wp:term":[{"taxonomy":"category","embeddable":true,"href":"https:\/\/agora.xtec.cat\/ceip-joan-coret\/wp-json\/wp\/v2\/categories?post=7099"},{"taxonomy":"post_tag","embeddable":true,"href":"https:\/\/agora.xtec.cat\/ceip-joan-coret\/wp-json\/wp\/v2\/tags?post=7099"}],"curies":[{"name":"wp","href":"https:\/\/api.w.org\/{rel}","templated":true}]}}