{"id":7054,"date":"2024-12-02T12:21:24","date_gmt":"2024-12-02T11:21:24","guid":{"rendered":"https:\/\/agora.xtec.cat\/ceip-joan-coret\/?p=7054"},"modified":"2025-11-18T19:21:39","modified_gmt":"2025-11-18T18:21:39","slug":"plamib-tenim-un-video","status":"publish","type":"post","link":"https:\/\/agora.xtec.cat\/ceip-joan-coret\/general\/plamib-tenim-un-video\/","title":{"rendered":"PLAMIB. US PRESENTEM LA NOSTRA BIBLIOTECA!"},"content":{"rendered":"<p><span style=\"font-weight: 400;\">En aquesta nova entrada al bloc de l\u2019escola us deixem un v\u00eddeo molt din\u00e0mic on us expliquem la nostra visi\u00f3 de la Biblioteca Escolar, quin \u00e9s el cam\u00ed que volem seguir i els objectius que ens hem marcat. <\/span><\/p>\n<div style=\"width: 848px;\" class=\"wp-video\"><!--[if lt IE 9]><script>document.createElement('video');<\/script><![endif]-->\n<video class=\"wp-video-shortcode\" id=\"video-7054-1\" width=\"848\" height=\"480\" preload=\"metadata\" controls=\"controls\"><source type=\"video\/mp4\" src=\"https:\/\/agora.xtec.cat\/ceip-joan-coret\/wp-content\/uploads\/usu1194\/2024\/12\/video-de-silvia-mustaros_njs8OlJp.mp4?_=1\" \/><a href=\"https:\/\/agora.xtec.cat\/ceip-joan-coret\/wp-content\/uploads\/usu1194\/2024\/12\/video-de-silvia-mustaros_njs8OlJp.mp4\">https:\/\/agora.xtec.cat\/ceip-joan-coret\/wp-content\/uploads\/usu1194\/2024\/12\/video-de-silvia-mustaros_njs8OlJp.mp4<\/a><\/video><\/div>\n","protected":false},"excerpt":{"rendered":"<p>En aquesta nova entrada al bloc de l\u2019escola us deixem un v\u00eddeo molt din\u00e0mic on us expliquem la nostra visi\u00f3 de la Biblioteca Escolar, quin \u00e9s el cam\u00ed que volem seguir i els objectius que ens hem marcat.<br \/>\n<a href=\"https:\/\/agora.xtec.cat\/ceip-joan-coret\/wp-content\/uploads\/usu1194\/2024\/12\/video-de-silvia-mustaros_njs8OlJp.mp4\">https:\/\/agora.xtec.cat\/ceip-joan-coret\/wp-content\/uploads\/usu1194\/2024\/12\/video-de-silvia-mustaros_njs8OlJp.mp4<\/a><\/p>\n","protected":false},"author":96,"featured_media":0,"comment_status":"open","ping_status":"closed","sticky":false,"template":"","format":"standard","meta":{"_bbp_topic_count":0,"_bbp_reply_count":0,"_bbp_total_topic_count":0,"_bbp_total_reply_count":0,"_bbp_voice_count":0,"_bbp_anonymous_reply_count":0,"_bbp_topic_count_hidden":0,"_bbp_reply_count_hidden":0,"_bbp_forum_subforum_count":0,"footnotes":""},"categories":[408,421,1,4],"tags":[410,409],"class_list":["post-7054","post","type-post","status-publish","format-standard","hentry","category-biblioteca","category-biblioteca-biblioteca","category-general","category-portada","tag-bescat","tag-plamib"],"post_mailing_queue_ids":[],"_links":{"self":[{"href":"https:\/\/agora.xtec.cat\/ceip-joan-coret\/wp-json\/wp\/v2\/posts\/7054","targetHints":{"allow":["GET"]}}],"collection":[{"href":"https:\/\/agora.xtec.cat\/ceip-joan-coret\/wp-json\/wp\/v2\/posts"}],"about":[{"href":"https:\/\/agora.xtec.cat\/ceip-joan-coret\/wp-json\/wp\/v2\/types\/post"}],"author":[{"embeddable":true,"href":"https:\/\/agora.xtec.cat\/ceip-joan-coret\/wp-json\/wp\/v2\/users\/96"}],"replies":[{"embeddable":true,"href":"https:\/\/agora.xtec.cat\/ceip-joan-coret\/wp-json\/wp\/v2\/comments?post=7054"}],"version-history":[{"count":2,"href":"https:\/\/agora.xtec.cat\/ceip-joan-coret\/wp-json\/wp\/v2\/posts\/7054\/revisions"}],"predecessor-version":[{"id":7057,"href":"https:\/\/agora.xtec.cat\/ceip-joan-coret\/wp-json\/wp\/v2\/posts\/7054\/revisions\/7057"}],"wp:attachment":[{"href":"https:\/\/agora.xtec.cat\/ceip-joan-coret\/wp-json\/wp\/v2\/media?parent=7054"}],"wp:term":[{"taxonomy":"category","embeddable":true,"href":"https:\/\/agora.xtec.cat\/ceip-joan-coret\/wp-json\/wp\/v2\/categories?post=7054"},{"taxonomy":"post_tag","embeddable":true,"href":"https:\/\/agora.xtec.cat\/ceip-joan-coret\/wp-json\/wp\/v2\/tags?post=7054"}],"curies":[{"name":"wp","href":"https:\/\/api.w.org\/{rel}","templated":true}]}}