{"id":7033,"date":"2024-11-11T13:19:33","date_gmt":"2024-11-11T12:19:33","guid":{"rendered":"https:\/\/agora.xtec.cat\/ceip-joan-coret\/?p=7033"},"modified":"2025-11-18T19:37:11","modified_gmt":"2025-11-18T18:37:11","slug":"comencem-la-fic-formacio-interna-de-centre-sobre-el-plamib","status":"publish","type":"post","link":"https:\/\/agora.xtec.cat\/ceip-joan-coret\/general\/comencem-la-fic-formacio-interna-de-centre-sobre-el-plamib\/","title":{"rendered":"Comencem la FIC (Formaci\u00f3 Interna de Centre) sobre el PLAMIB"},"content":{"rendered":"<p><span style=\"font-weight: 400;\">El passat dijous 7 de novembre, alguns\/es mestres del Claustre, vam iniciar la formaci\u00f3 sobre el PLAMIB. En aquesta primera sessi\u00f3 es van presentar els membres que formen l\u2019Equip Impulsor i els diferents rols que representen, aix\u00ed com el calendari de les diferents sessions. Despr\u00e9s d\u2019aquesta petita explicaci\u00f3, es van dur a terme les primeres activitats enfocades, sobretot, a la visi\u00f3 que es t\u00e9 de la biblioteca escolar.\u00a0<\/span><\/p>\n<p><span style=\"font-weight: 400;\">Es va fer un gran treball en equip, formant grups de 4 o 5 persones i on es van tenir en compte totes les aportacions.\u00a0<\/span><\/p>\n<p><a href=\"https:\/\/agora.xtec.cat\/ceip-joan-coret\/wp-content\/uploads\/usu1194\/2024\/11\/WhatsApp-Image-2024-11-11-at-12.08.36-1.jpeg\"><img loading=\"lazy\" decoding=\"async\" class=\"alignnone size-medium wp-image-7034\" src=\"https:\/\/agora.xtec.cat\/ceip-joan-coret\/wp-content\/uploads\/usu1194\/2024\/11\/WhatsApp-Image-2024-11-11-at-12.08.36-1-300x225.jpeg\" alt=\"\" width=\"300\" height=\"225\" srcset=\"https:\/\/agora.xtec.cat\/ceip-joan-coret\/wp-content\/uploads\/usu1194\/2024\/11\/WhatsApp-Image-2024-11-11-at-12.08.36-1-300x225.jpeg 300w, https:\/\/agora.xtec.cat\/ceip-joan-coret\/wp-content\/uploads\/usu1194\/2024\/11\/WhatsApp-Image-2024-11-11-at-12.08.36-1-1024x768.jpeg 1024w, https:\/\/agora.xtec.cat\/ceip-joan-coret\/wp-content\/uploads\/usu1194\/2024\/11\/WhatsApp-Image-2024-11-11-at-12.08.36-1-768x576.jpeg 768w, https:\/\/agora.xtec.cat\/ceip-joan-coret\/wp-content\/uploads\/usu1194\/2024\/11\/WhatsApp-Image-2024-11-11-at-12.08.36-1-1536x1152.jpeg 1536w, https:\/\/agora.xtec.cat\/ceip-joan-coret\/wp-content\/uploads\/usu1194\/2024\/11\/WhatsApp-Image-2024-11-11-at-12.08.36-1-200x150.jpeg 200w, https:\/\/agora.xtec.cat\/ceip-joan-coret\/wp-content\/uploads\/usu1194\/2024\/11\/WhatsApp-Image-2024-11-11-at-12.08.36-1.jpeg 1600w\" sizes=\"auto, (max-width: 300px) 100vw, 300px\" \/><\/a> <a href=\"https:\/\/agora.xtec.cat\/ceip-joan-coret\/wp-content\/uploads\/usu1194\/2024\/11\/WhatsApp-Image-2024-11-11-at-12.08.36.jpeg\"><img loading=\"lazy\" decoding=\"async\" class=\"alignnone wp-image-7035 size-medium\" src=\"https:\/\/agora.xtec.cat\/ceip-joan-coret\/wp-content\/uploads\/usu1194\/2024\/11\/WhatsApp-Image-2024-11-11-at-12.08.36-300x225.jpeg\" alt=\"\" width=\"300\" height=\"225\" srcset=\"https:\/\/agora.xtec.cat\/ceip-joan-coret\/wp-content\/uploads\/usu1194\/2024\/11\/WhatsApp-Image-2024-11-11-at-12.08.36-300x225.jpeg 300w, https:\/\/agora.xtec.cat\/ceip-joan-coret\/wp-content\/uploads\/usu1194\/2024\/11\/WhatsApp-Image-2024-11-11-at-12.08.36-1024x768.jpeg 1024w, https:\/\/agora.xtec.cat\/ceip-joan-coret\/wp-content\/uploads\/usu1194\/2024\/11\/WhatsApp-Image-2024-11-11-at-12.08.36-768x576.jpeg 768w, https:\/\/agora.xtec.cat\/ceip-joan-coret\/wp-content\/uploads\/usu1194\/2024\/11\/WhatsApp-Image-2024-11-11-at-12.08.36-1536x1152.jpeg 1536w, https:\/\/agora.xtec.cat\/ceip-joan-coret\/wp-content\/uploads\/usu1194\/2024\/11\/WhatsApp-Image-2024-11-11-at-12.08.36-200x150.jpeg 200w, https:\/\/agora.xtec.cat\/ceip-joan-coret\/wp-content\/uploads\/usu1194\/2024\/11\/WhatsApp-Image-2024-11-11-at-12.08.36.jpeg 1600w\" sizes=\"auto, (max-width: 300px) 100vw, 300px\" \/><\/a> <a href=\"https:\/\/agora.xtec.cat\/ceip-joan-coret\/wp-content\/uploads\/usu1194\/2024\/11\/WhatsApp-Image-2024-11-11-at-12.08.35-1.jpeg\"><img loading=\"lazy\" decoding=\"async\" class=\"alignnone wp-image-7036 size-medium\" src=\"https:\/\/agora.xtec.cat\/ceip-joan-coret\/wp-content\/uploads\/usu1194\/2024\/11\/WhatsApp-Image-2024-11-11-at-12.08.35-1-300x225.jpeg\" alt=\"\" width=\"300\" height=\"225\" srcset=\"https:\/\/agora.xtec.cat\/ceip-joan-coret\/wp-content\/uploads\/usu1194\/2024\/11\/WhatsApp-Image-2024-11-11-at-12.08.35-1-300x225.jpeg 300w, https:\/\/agora.xtec.cat\/ceip-joan-coret\/wp-content\/uploads\/usu1194\/2024\/11\/WhatsApp-Image-2024-11-11-at-12.08.35-1-1024x768.jpeg 1024w, https:\/\/agora.xtec.cat\/ceip-joan-coret\/wp-content\/uploads\/usu1194\/2024\/11\/WhatsApp-Image-2024-11-11-at-12.08.35-1-768x576.jpeg 768w, https:\/\/agora.xtec.cat\/ceip-joan-coret\/wp-content\/uploads\/usu1194\/2024\/11\/WhatsApp-Image-2024-11-11-at-12.08.35-1-1536x1152.jpeg 1536w, https:\/\/agora.xtec.cat\/ceip-joan-coret\/wp-content\/uploads\/usu1194\/2024\/11\/WhatsApp-Image-2024-11-11-at-12.08.35-1-200x150.jpeg 200w, https:\/\/agora.xtec.cat\/ceip-joan-coret\/wp-content\/uploads\/usu1194\/2024\/11\/WhatsApp-Image-2024-11-11-at-12.08.35-1.jpeg 1600w\" sizes=\"auto, (max-width: 300px) 100vw, 300px\" \/><\/a> <a href=\"https:\/\/agora.xtec.cat\/ceip-joan-coret\/wp-content\/uploads\/usu1194\/2024\/11\/WhatsApp-Image-2024-11-11-at-12.08.35.jpeg\"><img loading=\"lazy\" decoding=\"async\" class=\"alignnone wp-image-7037 size-medium\" src=\"https:\/\/agora.xtec.cat\/ceip-joan-coret\/wp-content\/uploads\/usu1194\/2024\/11\/WhatsApp-Image-2024-11-11-at-12.08.35-300x225.jpeg\" alt=\"\" width=\"300\" height=\"225\" srcset=\"https:\/\/agora.xtec.cat\/ceip-joan-coret\/wp-content\/uploads\/usu1194\/2024\/11\/WhatsApp-Image-2024-11-11-at-12.08.35-300x225.jpeg 300w, https:\/\/agora.xtec.cat\/ceip-joan-coret\/wp-content\/uploads\/usu1194\/2024\/11\/WhatsApp-Image-2024-11-11-at-12.08.35-1024x768.jpeg 1024w, https:\/\/agora.xtec.cat\/ceip-joan-coret\/wp-content\/uploads\/usu1194\/2024\/11\/WhatsApp-Image-2024-11-11-at-12.08.35-768x576.jpeg 768w, https:\/\/agora.xtec.cat\/ceip-joan-coret\/wp-content\/uploads\/usu1194\/2024\/11\/WhatsApp-Image-2024-11-11-at-12.08.35-1536x1152.jpeg 1536w, https:\/\/agora.xtec.cat\/ceip-joan-coret\/wp-content\/uploads\/usu1194\/2024\/11\/WhatsApp-Image-2024-11-11-at-12.08.35-200x150.jpeg 200w, https:\/\/agora.xtec.cat\/ceip-joan-coret\/wp-content\/uploads\/usu1194\/2024\/11\/WhatsApp-Image-2024-11-11-at-12.08.35.jpeg 1600w\" sizes=\"auto, (max-width: 300px) 100vw, 300px\" \/><\/a><\/p>\n","protected":false},"excerpt":{"rendered":"<p>El passat dijous 7 de novembre, alguns\/es mestres del Claustre, vam iniciar la formaci\u00f3 sobre el PLAMIB. En aquesta primera sessi\u00f3 es van presentar els membres que formen l\u2019Equip Impulsor i els diferents rols que representen, aix\u00ed com el calendari de les diferents sessions. Despr\u00e9s&hellip;  <a href=\"https:\/\/agora.xtec.cat\/ceip-joan-coret\/general\/comencem-la-fic-formacio-interna-de-centre-sobre-el-plamib\/\" title=\"Read Comencem la FIC (Formaci\u00f3 Interna de Centre) sobre el PLAMIB\">Llegeix m\u00e9s\u00bb<\/a><\/p>\n","protected":false},"author":96,"featured_media":0,"comment_status":"open","ping_status":"closed","sticky":false,"template":"","format":"standard","meta":{"_bbp_topic_count":0,"_bbp_reply_count":0,"_bbp_total_topic_count":0,"_bbp_total_reply_count":0,"_bbp_voice_count":0,"_bbp_anonymous_reply_count":0,"_bbp_topic_count_hidden":0,"_bbp_reply_count_hidden":0,"_bbp_forum_subforum_count":0,"footnotes":""},"categories":[408,421,1,4],"tags":[410,409],"class_list":["post-7033","post","type-post","status-publish","format-standard","hentry","category-biblioteca","category-biblioteca-biblioteca","category-general","category-portada","tag-bescat","tag-plamib"],"post_mailing_queue_ids":[],"_links":{"self":[{"href":"https:\/\/agora.xtec.cat\/ceip-joan-coret\/wp-json\/wp\/v2\/posts\/7033","targetHints":{"allow":["GET"]}}],"collection":[{"href":"https:\/\/agora.xtec.cat\/ceip-joan-coret\/wp-json\/wp\/v2\/posts"}],"about":[{"href":"https:\/\/agora.xtec.cat\/ceip-joan-coret\/wp-json\/wp\/v2\/types\/post"}],"author":[{"embeddable":true,"href":"https:\/\/agora.xtec.cat\/ceip-joan-coret\/wp-json\/wp\/v2\/users\/96"}],"replies":[{"embeddable":true,"href":"https:\/\/agora.xtec.cat\/ceip-joan-coret\/wp-json\/wp\/v2\/comments?post=7033"}],"version-history":[{"count":1,"href":"https:\/\/agora.xtec.cat\/ceip-joan-coret\/wp-json\/wp\/v2\/posts\/7033\/revisions"}],"predecessor-version":[{"id":7038,"href":"https:\/\/agora.xtec.cat\/ceip-joan-coret\/wp-json\/wp\/v2\/posts\/7033\/revisions\/7038"}],"wp:attachment":[{"href":"https:\/\/agora.xtec.cat\/ceip-joan-coret\/wp-json\/wp\/v2\/media?parent=7033"}],"wp:term":[{"taxonomy":"category","embeddable":true,"href":"https:\/\/agora.xtec.cat\/ceip-joan-coret\/wp-json\/wp\/v2\/categories?post=7033"},{"taxonomy":"post_tag","embeddable":true,"href":"https:\/\/agora.xtec.cat\/ceip-joan-coret\/wp-json\/wp\/v2\/tags?post=7033"}],"curies":[{"name":"wp","href":"https:\/\/api.w.org\/{rel}","templated":true}]}}