{"id":7021,"date":"2024-10-14T12:04:24","date_gmt":"2024-10-14T10:04:24","guid":{"rendered":"https:\/\/agora.xtec.cat\/ceip-joan-coret\/?p=7021"},"modified":"2025-11-18T19:23:36","modified_gmt":"2025-11-18T18:23:36","slug":"iniciem-el-projecte-plamib-a-la-nostra-escola","status":"publish","type":"post","link":"https:\/\/agora.xtec.cat\/ceip-joan-coret\/general\/iniciem-el-projecte-plamib-a-la-nostra-escola\/","title":{"rendered":"Iniciem el Projecte PLAMIB a la nostra escola!"},"content":{"rendered":"<p>&nbsp;<\/p>\n<p><span style=\"font-weight: 400;\">Despr\u00e9s del proc\u00e9s de renovaci\u00f3 de l\u2019espai de la biblioteca,<\/span> <span style=\"font-weight: 400;\">volem informar-vos que hem posat en marxa el <\/span><b>Projecte PLAMIB<\/b><span style=\"font-weight: 400;\"> (Pla de Millora de les Biblioteques Escolars) a la n<a href=\"https:\/\/agora.xtec.cat\/ceip-joan-coret\/wp-content\/uploads\/usu1194\/2024\/10\/Captura1.png\"><img loading=\"lazy\" decoding=\"async\" class=\"alignright wp-image-7023\" src=\"https:\/\/agora.xtec.cat\/ceip-joan-coret\/wp-content\/uploads\/usu1194\/2024\/10\/Captura1.png\" alt=\"\" width=\"191\" height=\"254\" srcset=\"https:\/\/agora.xtec.cat\/ceip-joan-coret\/wp-content\/uploads\/usu1194\/2024\/10\/Captura1.png 289w, https:\/\/agora.xtec.cat\/ceip-joan-coret\/wp-content\/uploads\/usu1194\/2024\/10\/Captura1-226x300.png 226w\" sizes=\"auto, (max-width: 191px) 100vw, 191px\" \/><\/a>ostra escola.\u00a0<\/span><\/p>\n<p><span style=\"font-weight: 400;\">Aquesta iniciativa t\u00e9 com a objectiu principal transformar la nostra biblioteca en un espai m\u00e9s accessible, on l&#8217;aprenentatge i la lectura siguin una experi\u00e8ncia enriquidora per a tot l\u2019alumnat.<\/span><\/p>\n<p><span style=\"font-weight: 400;\">El <\/span><b>projecte PLAMIB<\/b><span style=\"font-weight: 400;\"> pret\u00e9n, al llarg de dos cursos, la millora de l&#8217;\u00fas de la biblioteca a partir de:<\/span><\/p>\n<ul>\n<li style=\"font-weight: 400;\" aria-level=\"1\"><b>Actualitzaci\u00f3 de recursos<\/b><span style=\"font-weight: 400;\">: Incorporarem nous llibres i <\/span><span style=\"font-weight: 400;\">eines tecnol\u00f2giques <\/span><span style=\"font-weight: 400;\">per oferir un cat\u00e0leg m\u00e9s divers i adaptat a les necessitats de tot l\u2019alumnat.\u00a0<\/span><\/li>\n<li style=\"font-weight: 400;\" aria-level=\"1\"><b>Activitats de foment de la lectura<\/b><span style=\"font-weight: 400;\">: Organitzarem la primera jornada liter\u00e0ria per fomentar l&#8217;h\u00e0bit lector i el gust de la lectura.<\/span><\/li>\n<li style=\"font-weight: 400;\" aria-level=\"1\"><b>Formaci\u00f3 per a docents<\/b><span style=\"font-weight: 400;\">: L\u2019equip impulsor oferir\u00e0 una formaci\u00f3 sobre <\/span><span style=\"font-weight: 400;\">com treure el m\u00e0xim profit de la biblioteca com a espai d&#8217;aprenentatge.<\/span><\/li>\n<\/ul>\n<p><span style=\"font-weight: 400;\">El <\/span><b>projecte PLAMIB<\/b><span style=\"font-weight: 400;\"> vol fer d<a href=\"https:\/\/agora.xtec.cat\/ceip-joan-coret\/wp-content\/uploads\/usu1194\/2024\/10\/Captura.png\"><img loading=\"lazy\" decoding=\"async\" class=\" wp-image-7022 alignleft\" src=\"https:\/\/agora.xtec.cat\/ceip-joan-coret\/wp-content\/uploads\/usu1194\/2024\/10\/Captura.png\" alt=\"\" width=\"275\" height=\"200\" srcset=\"https:\/\/agora.xtec.cat\/ceip-joan-coret\/wp-content\/uploads\/usu1194\/2024\/10\/Captura.png 344w, https:\/\/agora.xtec.cat\/ceip-joan-coret\/wp-content\/uploads\/usu1194\/2024\/10\/Captura-300x218.png 300w\" sizes=\"auto, (max-width: 275px) 100vw, 275px\" \/><\/a>e la biblioteca un espai viu i participatiu que promogui el gust per la lectura.\u00a0<\/span><\/p>\n<p><span style=\"font-weight: 400;\">Us anirem informant dels aven\u00e7os del projecte. Gr\u00e0cies per formar part!<\/span><\/p>\n<p>&nbsp;<\/p>\n","protected":false},"excerpt":{"rendered":"<p>&nbsp;<br \/>\nDespr\u00e9s del proc\u00e9s de renovaci\u00f3 de l\u2019espai de la biblioteca, volem informar-vos que hem posat en marxa el Projecte PLAMIB (Pla de Millora de les Biblioteques Escolars) a la n<a href=\"https:\/\/agora.xtec.cat\/ceip-joan-coret\/wp-content\/uploads\/usu1194\/2024\/10\/Captura1.png\"><\/a>ostra escola.\u00a0<br \/>\nAquesta iniciativa t\u00e9 com a objectiu principal transformar la nostra biblioteca en un espai&hellip;  <a href=\"https:\/\/agora.xtec.cat\/ceip-joan-coret\/general\/iniciem-el-projecte-plamib-a-la-nostra-escola\/\" title=\"Read Iniciem el Projecte PLAMIB a la nostra escola!\">Llegeix m\u00e9s\u00bb<\/a><\/p>\n","protected":false},"author":95,"featured_media":0,"comment_status":"open","ping_status":"closed","sticky":false,"template":"","format":"standard","meta":{"_bbp_topic_count":0,"_bbp_reply_count":0,"_bbp_total_topic_count":0,"_bbp_total_reply_count":0,"_bbp_voice_count":0,"_bbp_anonymous_reply_count":0,"_bbp_topic_count_hidden":0,"_bbp_reply_count_hidden":0,"_bbp_forum_subforum_count":0,"footnotes":""},"categories":[408,421,1,4],"tags":[410,409],"class_list":["post-7021","post","type-post","status-publish","format-standard","hentry","category-biblioteca","category-biblioteca-biblioteca","category-general","category-portada","tag-bescat","tag-plamib"],"post_mailing_queue_ids":[],"_links":{"self":[{"href":"https:\/\/agora.xtec.cat\/ceip-joan-coret\/wp-json\/wp\/v2\/posts\/7021","targetHints":{"allow":["GET"]}}],"collection":[{"href":"https:\/\/agora.xtec.cat\/ceip-joan-coret\/wp-json\/wp\/v2\/posts"}],"about":[{"href":"https:\/\/agora.xtec.cat\/ceip-joan-coret\/wp-json\/wp\/v2\/types\/post"}],"author":[{"embeddable":true,"href":"https:\/\/agora.xtec.cat\/ceip-joan-coret\/wp-json\/wp\/v2\/users\/95"}],"replies":[{"embeddable":true,"href":"https:\/\/agora.xtec.cat\/ceip-joan-coret\/wp-json\/wp\/v2\/comments?post=7021"}],"version-history":[{"count":4,"href":"https:\/\/agora.xtec.cat\/ceip-joan-coret\/wp-json\/wp\/v2\/posts\/7021\/revisions"}],"predecessor-version":[{"id":7028,"href":"https:\/\/agora.xtec.cat\/ceip-joan-coret\/wp-json\/wp\/v2\/posts\/7021\/revisions\/7028"}],"wp:attachment":[{"href":"https:\/\/agora.xtec.cat\/ceip-joan-coret\/wp-json\/wp\/v2\/media?parent=7021"}],"wp:term":[{"taxonomy":"category","embeddable":true,"href":"https:\/\/agora.xtec.cat\/ceip-joan-coret\/wp-json\/wp\/v2\/categories?post=7021"},{"taxonomy":"post_tag","embeddable":true,"href":"https:\/\/agora.xtec.cat\/ceip-joan-coret\/wp-json\/wp\/v2\/tags?post=7021"}],"curies":[{"name":"wp","href":"https:\/\/api.w.org\/{rel}","templated":true}]}}