{"id":7003,"date":"2024-06-12T20:13:59","date_gmt":"2024-06-12T18:13:59","guid":{"rendered":"https:\/\/agora.xtec.cat\/ceip-joan-coret\/?p=7003"},"modified":"2024-06-12T20:15:48","modified_gmt":"2024-06-12T18:15:48","slug":"zbe-3r","status":"publish","type":"post","link":"https:\/\/agora.xtec.cat\/ceip-joan-coret\/portada\/zbe-3r\/","title":{"rendered":"ZBE 3r"},"content":{"rendered":"<p style=\"text-align: justify;\">Les classes de 3r han fet una jornada per a informar-nos de la Zona de Baixes Emissions. Els nens i les nenes de 6\u00e8 han anat per a con\u00e8ixer qu\u00e8 \u00e9s i per a poder respondre si estan a favor o en contra d&#8217;aquesta ZBE. L&#8217;alumnat de 3r ha respost tots els dubtes que tenien abans de la votaci\u00f3. Han donat totes les dades perfectament gr\u00e0cies a que han estat preparant aquesta feina amb moltes ganes.<\/p>\n<p>Enhorabona 3r!!<\/p>\n<p style=\"text-align: center;\"><iframe loading=\"lazy\" src=\"\/\/www.youtube.com\/embed\/kwA_G_hkgm8\" width=\"560\" height=\"314\" allowfullscreen=\"allowfullscreen\"><\/iframe><\/p>\n<p>&nbsp;<\/p>\n","protected":false},"excerpt":{"rendered":"<p>Les classes de 3r han fet una jornada per a informar-nos de la Zona de Baixes Emissions. Els nens i les nenes de 6\u00e8 han anat per a con\u00e8ixer qu\u00e8 \u00e9s i per a poder respondre si estan a favor o en contra d&#8217;aquesta ZBE.&hellip;  <a href=\"https:\/\/agora.xtec.cat\/ceip-joan-coret\/portada\/zbe-3r\/\" title=\"Read ZBE 3r\">Llegeix m\u00e9s\u00bb<\/a><\/p>\n","protected":false},"author":3,"featured_media":7004,"comment_status":"open","ping_status":"closed","sticky":false,"template":"","format":"standard","meta":{"_bbp_topic_count":0,"_bbp_reply_count":0,"_bbp_total_topic_count":0,"_bbp_total_reply_count":0,"_bbp_voice_count":0,"_bbp_anonymous_reply_count":0,"_bbp_topic_count_hidden":0,"_bbp_reply_count_hidden":0,"_bbp_forum_subforum_count":0,"footnotes":""},"categories":[12,15,4],"tags":[],"class_list":["post-7003","post","type-post","status-publish","format-standard","has-post-thumbnail","hentry","category-3r","category-6e","category-portada"],"post_mailing_queue_ids":[],"_links":{"self":[{"href":"https:\/\/agora.xtec.cat\/ceip-joan-coret\/wp-json\/wp\/v2\/posts\/7003","targetHints":{"allow":["GET"]}}],"collection":[{"href":"https:\/\/agora.xtec.cat\/ceip-joan-coret\/wp-json\/wp\/v2\/posts"}],"about":[{"href":"https:\/\/agora.xtec.cat\/ceip-joan-coret\/wp-json\/wp\/v2\/types\/post"}],"author":[{"embeddable":true,"href":"https:\/\/agora.xtec.cat\/ceip-joan-coret\/wp-json\/wp\/v2\/users\/3"}],"replies":[{"embeddable":true,"href":"https:\/\/agora.xtec.cat\/ceip-joan-coret\/wp-json\/wp\/v2\/comments?post=7003"}],"version-history":[{"count":1,"href":"https:\/\/agora.xtec.cat\/ceip-joan-coret\/wp-json\/wp\/v2\/posts\/7003\/revisions"}],"predecessor-version":[{"id":7005,"href":"https:\/\/agora.xtec.cat\/ceip-joan-coret\/wp-json\/wp\/v2\/posts\/7003\/revisions\/7005"}],"wp:featuredmedia":[{"embeddable":true,"href":"https:\/\/agora.xtec.cat\/ceip-joan-coret\/wp-json\/wp\/v2\/media\/7004"}],"wp:attachment":[{"href":"https:\/\/agora.xtec.cat\/ceip-joan-coret\/wp-json\/wp\/v2\/media?parent=7003"}],"wp:term":[{"taxonomy":"category","embeddable":true,"href":"https:\/\/agora.xtec.cat\/ceip-joan-coret\/wp-json\/wp\/v2\/categories?post=7003"},{"taxonomy":"post_tag","embeddable":true,"href":"https:\/\/agora.xtec.cat\/ceip-joan-coret\/wp-json\/wp\/v2\/tags?post=7003"}],"curies":[{"name":"wp","href":"https:\/\/api.w.org\/{rel}","templated":true}]}}