{"id":700,"date":"2017-11-09T15:39:13","date_gmt":"2017-11-09T14:39:13","guid":{"rendered":"http:\/\/agora.xtec.cat\/ceip-joan-coret\/?p=700"},"modified":"2017-11-15T21:31:00","modified_gmt":"2017-11-15T20:31:00","slug":"visita-al-mercat-de-fondo-1r","status":"publish","type":"post","link":"https:\/\/agora.xtec.cat\/ceip-joan-coret\/portada\/visita-al-mercat-de-fondo-1r\/","title":{"rendered":"Visita al Mercat de Fondo 1r"},"content":{"rendered":"<p>Dimecres 25 d\u2019octubre la classe dels Globus i Unicorns vam fer una sortida al Mercat de Fondo.<\/p>\n<p>Vam sortir d\u2019hora i vam anar caminant.<\/p>\n<p>En arribar, vam fer una ruta per tot el mercat per veure quines parades hi havien. Les parades que tenia el mercat eren: peixateries, xarcuteries, carnisseries, botigues d\u2019aviram, fruiteries, formatgeries, una parada de llegums cuits i crus i un bar.<\/p>\n<p>Ens vam dirigir a la fruiteria i la Isabel ens va vendre la fruita: taronges, ra\u00efm, magranes, pl\u00e0tans, mandarines, peres i pomes per poder fer la nostra maced\u00f2nia.<\/p>\n<p>Ens vam repartir les bosses i vam tornar cap l\u2019escola.<\/p>\n<p>Al dia seg\u00fcent vam fer la maced\u00f2nia i ens la vam menjar per esmorzar.<\/p>\n<p><a href=\"http:\/\/agora.xtec.cat\/ceip-joan-coret\/wp-content\/uploads\/usu1194\/2017\/11\/2017-18-Mercat-el-fondo-2.jpg\" target=\"_blank\" rel=\"noopener noreferrer\"><img loading=\"lazy\" decoding=\"async\" class=\"alignnone wp-image-701\" src=\"http:\/\/agora.xtec.cat\/ceip-joan-coret\/wp-content\/uploads\/usu1194\/2017\/11\/2017-18-Mercat-el-fondo-2-150x150.jpg\" alt=\"\" width=\"100\" height=\"56\" srcset=\"https:\/\/agora.xtec.cat\/ceip-joan-coret\/wp-content\/uploads\/usu1194\/2017\/11\/2017-18-Mercat-el-fondo-2-300x169.jpg 300w, https:\/\/agora.xtec.cat\/ceip-joan-coret\/wp-content\/uploads\/usu1194\/2017\/11\/2017-18-Mercat-el-fondo-2-768x432.jpg 768w, https:\/\/agora.xtec.cat\/ceip-joan-coret\/wp-content\/uploads\/usu1194\/2017\/11\/2017-18-Mercat-el-fondo-2-1024x576.jpg 1024w\" sizes=\"auto, (max-width: 100px) 100vw, 100px\" \/><\/a><a href=\"http:\/\/agora.xtec.cat\/ceip-joan-coret\/wp-content\/uploads\/usu1194\/2017\/11\/2017-18-Mercat-el-fondo-22.jpg\" target=\"_blank\" rel=\"noopener noreferrer\"><img loading=\"lazy\" decoding=\"async\" class=\"alignnone wp-image-702\" src=\"http:\/\/agora.xtec.cat\/ceip-joan-coret\/wp-content\/uploads\/usu1194\/2017\/11\/2017-18-Mercat-el-fondo-22-150x150.jpg\" alt=\"\" width=\"100\" height=\"56\" srcset=\"https:\/\/agora.xtec.cat\/ceip-joan-coret\/wp-content\/uploads\/usu1194\/2017\/11\/2017-18-Mercat-el-fondo-22-300x169.jpg 300w, https:\/\/agora.xtec.cat\/ceip-joan-coret\/wp-content\/uploads\/usu1194\/2017\/11\/2017-18-Mercat-el-fondo-22-768x432.jpg 768w, https:\/\/agora.xtec.cat\/ceip-joan-coret\/wp-content\/uploads\/usu1194\/2017\/11\/2017-18-Mercat-el-fondo-22-1024x576.jpg 1024w\" sizes=\"auto, (max-width: 100px) 100vw, 100px\" \/><\/a><\/p>\n<p><a href=\"https:\/\/photos.app.goo.gl\/wozRffAmJZgtGs3w2\" target=\"_blank\" rel=\"noopener noreferrer\">https:\/\/photos.app.goo.gl\/wozRffAmJZgtGs3w2<\/a><\/p>\n","protected":false},"excerpt":{"rendered":"<p>Dimecres 25 d\u2019octubre la classe dels Globus i Unicorns vam fer una sortida al Mercat de Fondo.<br \/>\nVam sortir d\u2019hora i vam anar caminant.<br \/>\nEn arribar, vam fer una ruta per tot el mercat per veure quines parades hi havien. Les parades que tenia el mercat eren:&hellip;  <a href=\"https:\/\/agora.xtec.cat\/ceip-joan-coret\/portada\/visita-al-mercat-de-fondo-1r\/\" title=\"Read Visita al Mercat de Fondo 1r\">Llegeix m\u00e9s\u00bb<\/a><\/p>\n","protected":false},"author":3,"featured_media":0,"comment_status":"open","ping_status":"closed","sticky":false,"template":"","format":"standard","meta":{"_bbp_topic_count":0,"_bbp_reply_count":0,"_bbp_total_topic_count":0,"_bbp_total_reply_count":0,"_bbp_voice_count":0,"_bbp_anonymous_reply_count":0,"_bbp_topic_count_hidden":0,"_bbp_reply_count_hidden":0,"_bbp_forum_subforum_count":0,"footnotes":""},"categories":[10,4],"tags":[],"class_list":["post-700","post","type-post","status-publish","format-standard","hentry","category-1r","category-portada"],"post_mailing_queue_ids":[],"_links":{"self":[{"href":"https:\/\/agora.xtec.cat\/ceip-joan-coret\/wp-json\/wp\/v2\/posts\/700","targetHints":{"allow":["GET"]}}],"collection":[{"href":"https:\/\/agora.xtec.cat\/ceip-joan-coret\/wp-json\/wp\/v2\/posts"}],"about":[{"href":"https:\/\/agora.xtec.cat\/ceip-joan-coret\/wp-json\/wp\/v2\/types\/post"}],"author":[{"embeddable":true,"href":"https:\/\/agora.xtec.cat\/ceip-joan-coret\/wp-json\/wp\/v2\/users\/3"}],"replies":[{"embeddable":true,"href":"https:\/\/agora.xtec.cat\/ceip-joan-coret\/wp-json\/wp\/v2\/comments?post=700"}],"version-history":[{"count":3,"href":"https:\/\/agora.xtec.cat\/ceip-joan-coret\/wp-json\/wp\/v2\/posts\/700\/revisions"}],"predecessor-version":[{"id":759,"href":"https:\/\/agora.xtec.cat\/ceip-joan-coret\/wp-json\/wp\/v2\/posts\/700\/revisions\/759"}],"wp:attachment":[{"href":"https:\/\/agora.xtec.cat\/ceip-joan-coret\/wp-json\/wp\/v2\/media?parent=700"}],"wp:term":[{"taxonomy":"category","embeddable":true,"href":"https:\/\/agora.xtec.cat\/ceip-joan-coret\/wp-json\/wp\/v2\/categories?post=700"},{"taxonomy":"post_tag","embeddable":true,"href":"https:\/\/agora.xtec.cat\/ceip-joan-coret\/wp-json\/wp\/v2\/tags?post=700"}],"curies":[{"name":"wp","href":"https:\/\/api.w.org\/{rel}","templated":true}]}}