{"id":6985,"date":"2024-05-06T09:23:42","date_gmt":"2024-05-06T07:23:42","guid":{"rendered":"https:\/\/agora.xtec.cat\/ceip-joan-coret\/?p=6985"},"modified":"2024-05-23T15:55:53","modified_gmt":"2024-05-23T13:55:53","slug":"jardi-botanic-3r","status":"publish","type":"post","link":"https:\/\/agora.xtec.cat\/ceip-joan-coret\/portada\/jardi-botanic-3r\/","title":{"rendered":"Jard\u00ed Bot\u00e0nic 2n"},"content":{"rendered":"<p style=\"text-align: center;\">Divendres dia 3 de maig les dues classes de 2n vam visitar el Jard\u00ed Bot\u00e0nic de Barcelona. Ens van ensenyar com estan comunicats els 4 elements indispensables per a les plantes: Aigua, Llum, Aire i Terra. Despr\u00e9s quan tornavem a l&#8217;autocar vam poder visitar l&#8217;Estadi Ol\u00edmpic Llu\u00eds Companys. Aqu\u00ed podem veure les fotos que vam fer!<\/p>\n<p><a href=\"https:\/\/photos.app.goo.gl\/zqaAeMsLxdDLiRZN8\" target=\"_blank\" rel=\"noopener\">https:\/\/photos.app.goo.gl\/zqaAeMsLxdDLiRZN8<\/a><\/p>\n","protected":false},"excerpt":{"rendered":"<p>Divendres dia 3 de maig les dues classes de 2n vam visitar el Jard\u00ed Bot\u00e0nic de Barcelona. Ens van ensenyar com estan comunicats els 4 elements indispensables per a les plantes: Aigua, Llum, Aire i Terra. Despr\u00e9s quan tornavem a l&#8217;autocar vam poder visitar l&#8217;Estadi&hellip;  <a href=\"https:\/\/agora.xtec.cat\/ceip-joan-coret\/portada\/jardi-botanic-3r\/\" title=\"Read Jard\u00ed Bot\u00e0nic 2n\">Llegeix m\u00e9s\u00bb<\/a><\/p>\n","protected":false},"author":3,"featured_media":0,"comment_status":"open","ping_status":"closed","sticky":false,"template":"","format":"standard","meta":{"_bbp_topic_count":0,"_bbp_reply_count":0,"_bbp_total_topic_count":0,"_bbp_total_reply_count":0,"_bbp_voice_count":0,"_bbp_anonymous_reply_count":0,"_bbp_topic_count_hidden":0,"_bbp_reply_count_hidden":0,"_bbp_forum_subforum_count":0,"footnotes":""},"categories":[11,4],"tags":[],"class_list":["post-6985","post","type-post","status-publish","format-standard","hentry","category-2n","category-portada"],"post_mailing_queue_ids":[],"_links":{"self":[{"href":"https:\/\/agora.xtec.cat\/ceip-joan-coret\/wp-json\/wp\/v2\/posts\/6985","targetHints":{"allow":["GET"]}}],"collection":[{"href":"https:\/\/agora.xtec.cat\/ceip-joan-coret\/wp-json\/wp\/v2\/posts"}],"about":[{"href":"https:\/\/agora.xtec.cat\/ceip-joan-coret\/wp-json\/wp\/v2\/types\/post"}],"author":[{"embeddable":true,"href":"https:\/\/agora.xtec.cat\/ceip-joan-coret\/wp-json\/wp\/v2\/users\/3"}],"replies":[{"embeddable":true,"href":"https:\/\/agora.xtec.cat\/ceip-joan-coret\/wp-json\/wp\/v2\/comments?post=6985"}],"version-history":[{"count":3,"href":"https:\/\/agora.xtec.cat\/ceip-joan-coret\/wp-json\/wp\/v2\/posts\/6985\/revisions"}],"predecessor-version":[{"id":6988,"href":"https:\/\/agora.xtec.cat\/ceip-joan-coret\/wp-json\/wp\/v2\/posts\/6985\/revisions\/6988"}],"wp:attachment":[{"href":"https:\/\/agora.xtec.cat\/ceip-joan-coret\/wp-json\/wp\/v2\/media?parent=6985"}],"wp:term":[{"taxonomy":"category","embeddable":true,"href":"https:\/\/agora.xtec.cat\/ceip-joan-coret\/wp-json\/wp\/v2\/categories?post=6985"},{"taxonomy":"post_tag","embeddable":true,"href":"https:\/\/agora.xtec.cat\/ceip-joan-coret\/wp-json\/wp\/v2\/tags?post=6985"}],"curies":[{"name":"wp","href":"https:\/\/api.w.org\/{rel}","templated":true}]}}