{"id":6983,"date":"2024-05-06T09:20:42","date_gmt":"2024-05-06T07:20:42","guid":{"rendered":"https:\/\/agora.xtec.cat\/ceip-joan-coret\/?p=6983"},"modified":"2024-05-06T09:20:42","modified_gmt":"2024-05-06T07:20:42","slug":"badajoc-3r","status":"publish","type":"post","link":"https:\/\/agora.xtec.cat\/ceip-joan-coret\/portada\/badajoc-3r\/","title":{"rendered":"Badajoc 3r"},"content":{"rendered":"<p>Les dues classes de 3r vam anar al BADAJOC al Parc de Montigal\u00e0. \u00c9s una activitat que organitza el grup de treball d&#8217;Educaci\u00f3 F\u00edsica de Badalona. Voleu veure les imatges de com ho vam passar?<\/p>\n<p>Aqu\u00ed les teniu!<\/p>\n<p><a href=\"https:\/\/photos.app.goo.gl\/B7kkCFRGaCW6p9At5\" target=\"_blank\" rel=\"noopener\">https:\/\/photos.app.goo.gl\/B7kkCFRGaCW6p9At5<\/a><\/p>\n","protected":false},"excerpt":{"rendered":"<p>Les dues classes de 3r vam anar al BADAJOC al Parc de Montigal\u00e0. \u00c9s una activitat que organitza el grup de treball d&#8217;Educaci\u00f3 F\u00edsica de Badalona. Voleu veure les imatges de com ho vam passar?<br \/>\nAqu\u00ed les teniu!<br \/>\n<a href=\"https:\/\/photos.app.goo.gl\/B7kkCFRGaCW6p9At5\" target=\"_blank\" rel=\"noopener\">https:\/\/photos.app.goo.gl\/B7kkCFRGaCW6p9At5<\/a><\/p>\n","protected":false},"author":3,"featured_media":0,"comment_status":"open","ping_status":"closed","sticky":false,"template":"","format":"standard","meta":{"_bbp_topic_count":0,"_bbp_reply_count":0,"_bbp_total_topic_count":0,"_bbp_total_reply_count":0,"_bbp_voice_count":0,"_bbp_anonymous_reply_count":0,"_bbp_topic_count_hidden":0,"_bbp_reply_count_hidden":0,"_bbp_forum_subforum_count":0,"footnotes":""},"categories":[12,4],"tags":[],"class_list":["post-6983","post","type-post","status-publish","format-standard","hentry","category-3r","category-portada"],"post_mailing_queue_ids":[],"_links":{"self":[{"href":"https:\/\/agora.xtec.cat\/ceip-joan-coret\/wp-json\/wp\/v2\/posts\/6983","targetHints":{"allow":["GET"]}}],"collection":[{"href":"https:\/\/agora.xtec.cat\/ceip-joan-coret\/wp-json\/wp\/v2\/posts"}],"about":[{"href":"https:\/\/agora.xtec.cat\/ceip-joan-coret\/wp-json\/wp\/v2\/types\/post"}],"author":[{"embeddable":true,"href":"https:\/\/agora.xtec.cat\/ceip-joan-coret\/wp-json\/wp\/v2\/users\/3"}],"replies":[{"embeddable":true,"href":"https:\/\/agora.xtec.cat\/ceip-joan-coret\/wp-json\/wp\/v2\/comments?post=6983"}],"version-history":[{"count":1,"href":"https:\/\/agora.xtec.cat\/ceip-joan-coret\/wp-json\/wp\/v2\/posts\/6983\/revisions"}],"predecessor-version":[{"id":6984,"href":"https:\/\/agora.xtec.cat\/ceip-joan-coret\/wp-json\/wp\/v2\/posts\/6983\/revisions\/6984"}],"wp:attachment":[{"href":"https:\/\/agora.xtec.cat\/ceip-joan-coret\/wp-json\/wp\/v2\/media?parent=6983"}],"wp:term":[{"taxonomy":"category","embeddable":true,"href":"https:\/\/agora.xtec.cat\/ceip-joan-coret\/wp-json\/wp\/v2\/categories?post=6983"},{"taxonomy":"post_tag","embeddable":true,"href":"https:\/\/agora.xtec.cat\/ceip-joan-coret\/wp-json\/wp\/v2\/tags?post=6983"}],"curies":[{"name":"wp","href":"https:\/\/api.w.org\/{rel}","templated":true}]}}