{"id":6894,"date":"2024-02-19T09:25:35","date_gmt":"2024-02-19T08:25:35","guid":{"rendered":"https:\/\/agora.xtec.cat\/ceip-joan-coret\/?p=6894"},"modified":"2024-02-19T09:25:35","modified_gmt":"2024-02-19T08:25:35","slug":"badamotri-1r-2","status":"publish","type":"post","link":"https:\/\/agora.xtec.cat\/ceip-joan-coret\/portada\/badamotri-1r-2\/","title":{"rendered":"Badamotri 1r"},"content":{"rendered":"<p align=\"justify\">El dia 6 de novembre la classe de 1r A va assistir al Badamotri 2023 al Poliesportiu de Montigal\u00e0.<\/p>\n<p align=\"justify\">L\u00b4alumnat acudeix a aquest tipus d\u00b4esdeveniment per dur a terme 6 proves f\u00edsiques que hauran treballat pr\u00e8viament al\u00b4especialitat d\u00b4Educaci\u00f3 F\u00edsica.<\/p>\n<p align=\"justify\">Totes les activitats segueixen una hist\u00f2ria formada pels Mestre d&#8217;Educaci\u00f3 F\u00edsica de Badalona on el poliesportiu es va convertir en una selva i els\/les infants es van transformar en animals (granotes, flamencs, elefants, tortugues, cargols i conills).<\/p>\n<p align=\"justify\">Ens ho hem passat genial i ens ha encantat compartir l&#8217;experi\u00e8ncia amb altres escoles de Badalona.<\/p>\n<p>&nbsp;<\/p>\n<p><a href=\"https:\/\/photos.app.goo.gl\/JwKMnLHcuxUWaqnL7\" target=\"_blank\" rel=\"noopener\">https:\/\/photos.app.goo.gl\/JwKMnLHcuxUWaqnL7<\/a><\/p>\n","protected":false},"excerpt":{"rendered":"<p>El dia 6 de novembre la classe de 1r A va assistir al Badamotri 2023 al Poliesportiu de Montigal\u00e0.<br \/>\nL\u00b4alumnat acudeix a aquest tipus d\u00b4esdeveniment per dur a terme 6 proves f\u00edsiques que hauran treballat pr\u00e8viament al\u00b4especialitat d\u00b4Educaci\u00f3 F\u00edsica.<br \/>\nTotes les activitats segueixen una hist\u00f2ria formada pels&hellip;  <a href=\"https:\/\/agora.xtec.cat\/ceip-joan-coret\/portada\/badamotri-1r-2\/\" title=\"Read Badamotri 1r\">Llegeix m\u00e9s\u00bb<\/a><\/p>\n","protected":false},"author":3,"featured_media":0,"comment_status":"open","ping_status":"closed","sticky":false,"template":"","format":"standard","meta":{"_bbp_topic_count":0,"_bbp_reply_count":0,"_bbp_total_topic_count":0,"_bbp_total_reply_count":0,"_bbp_voice_count":0,"_bbp_anonymous_reply_count":0,"_bbp_topic_count_hidden":0,"_bbp_reply_count_hidden":0,"_bbp_forum_subforum_count":0,"footnotes":""},"categories":[10,64,4],"tags":[93,407],"class_list":["post-6894","post","type-post","status-publish","format-standard","hentry","category-1r","category-educacio-fisica","category-portada","tag-1r","tag-badamotri"],"post_mailing_queue_ids":[],"_links":{"self":[{"href":"https:\/\/agora.xtec.cat\/ceip-joan-coret\/wp-json\/wp\/v2\/posts\/6894","targetHints":{"allow":["GET"]}}],"collection":[{"href":"https:\/\/agora.xtec.cat\/ceip-joan-coret\/wp-json\/wp\/v2\/posts"}],"about":[{"href":"https:\/\/agora.xtec.cat\/ceip-joan-coret\/wp-json\/wp\/v2\/types\/post"}],"author":[{"embeddable":true,"href":"https:\/\/agora.xtec.cat\/ceip-joan-coret\/wp-json\/wp\/v2\/users\/3"}],"replies":[{"embeddable":true,"href":"https:\/\/agora.xtec.cat\/ceip-joan-coret\/wp-json\/wp\/v2\/comments?post=6894"}],"version-history":[{"count":1,"href":"https:\/\/agora.xtec.cat\/ceip-joan-coret\/wp-json\/wp\/v2\/posts\/6894\/revisions"}],"predecessor-version":[{"id":6895,"href":"https:\/\/agora.xtec.cat\/ceip-joan-coret\/wp-json\/wp\/v2\/posts\/6894\/revisions\/6895"}],"wp:attachment":[{"href":"https:\/\/agora.xtec.cat\/ceip-joan-coret\/wp-json\/wp\/v2\/media?parent=6894"}],"wp:term":[{"taxonomy":"category","embeddable":true,"href":"https:\/\/agora.xtec.cat\/ceip-joan-coret\/wp-json\/wp\/v2\/categories?post=6894"},{"taxonomy":"post_tag","embeddable":true,"href":"https:\/\/agora.xtec.cat\/ceip-joan-coret\/wp-json\/wp\/v2\/tags?post=6894"}],"curies":[{"name":"wp","href":"https:\/\/api.w.org\/{rel}","templated":true}]}}