{"id":6871,"date":"2024-02-12T18:39:09","date_gmt":"2024-02-12T17:39:09","guid":{"rendered":"https:\/\/agora.xtec.cat\/ceip-joan-coret\/?p=6871"},"modified":"2024-02-12T18:50:23","modified_gmt":"2024-02-12T17:50:23","slug":"sortida-al-poble-espanyol-2","status":"publish","type":"post","link":"https:\/\/agora.xtec.cat\/ceip-joan-coret\/portada\/sortida-al-poble-espanyol-2\/","title":{"rendered":"SORTIDA\u00a0 AL POBLE ESPANYOL"},"content":{"rendered":"<div>Aquest dimecres\u00a0 7 de febrer hem visitat el poble Espanyol. All\u00e0 hem pogut con\u00e8ixer les tradicions, els costums i les caracter\u00edstiques principals de les comunitats aut\u00f2nomes d&#8217;Espanya.<\/div>\n<div>Aquesta excursi\u00f3 ens ajudar\u00e0 molt per elaborar\u00a0 millor el nostre Projecte d\u00b4Espanya.<\/div>\n<div><\/div>\n<div><\/div>\n<div><a href=\"https:\/\/photos.app.goo.gl\/trn4evQQUPRPg7fi8\" target=\"_blank\" rel=\"noopener\">https:\/\/photos.app.goo.gl\/trn4evQQUPRPg7fi8<\/a><\/div>\n","protected":false},"excerpt":{"rendered":"<p>Aquest dimecres\u00a0 7 de febrer hem visitat el poble Espanyol. All\u00e0 hem pogut con\u00e8ixer les tradicions, els costums i les caracter\u00edstiques principals de les comunitats aut\u00f2nomes d&#8217;Espanya.<br \/>\nAquesta excursi\u00f3 ens ajudar\u00e0 molt per elaborar\u00a0 millor el nostre Projecte d\u00b4Espanya.<\/p>\n<p><a href=\"https:\/\/photos.app.goo.gl\/trn4evQQUPRPg7fi8\" target=\"_blank\" rel=\"noopener\">https:\/\/photos.app.goo.gl\/trn4evQQUPRPg7fi8<\/a><\/p>\n","protected":false},"author":3,"featured_media":0,"comment_status":"open","ping_status":"closed","sticky":false,"template":"","format":"standard","meta":{"_bbp_topic_count":0,"_bbp_reply_count":0,"_bbp_total_topic_count":0,"_bbp_total_reply_count":0,"_bbp_voice_count":0,"_bbp_anonymous_reply_count":0,"_bbp_topic_count_hidden":0,"_bbp_reply_count_hidden":0,"_bbp_forum_subforum_count":0,"footnotes":""},"categories":[15,4],"tags":[],"class_list":["post-6871","post","type-post","status-publish","format-standard","hentry","category-6e","category-portada"],"post_mailing_queue_ids":[],"_links":{"self":[{"href":"https:\/\/agora.xtec.cat\/ceip-joan-coret\/wp-json\/wp\/v2\/posts\/6871","targetHints":{"allow":["GET"]}}],"collection":[{"href":"https:\/\/agora.xtec.cat\/ceip-joan-coret\/wp-json\/wp\/v2\/posts"}],"about":[{"href":"https:\/\/agora.xtec.cat\/ceip-joan-coret\/wp-json\/wp\/v2\/types\/post"}],"author":[{"embeddable":true,"href":"https:\/\/agora.xtec.cat\/ceip-joan-coret\/wp-json\/wp\/v2\/users\/3"}],"replies":[{"embeddable":true,"href":"https:\/\/agora.xtec.cat\/ceip-joan-coret\/wp-json\/wp\/v2\/comments?post=6871"}],"version-history":[{"count":2,"href":"https:\/\/agora.xtec.cat\/ceip-joan-coret\/wp-json\/wp\/v2\/posts\/6871\/revisions"}],"predecessor-version":[{"id":6873,"href":"https:\/\/agora.xtec.cat\/ceip-joan-coret\/wp-json\/wp\/v2\/posts\/6871\/revisions\/6873"}],"wp:attachment":[{"href":"https:\/\/agora.xtec.cat\/ceip-joan-coret\/wp-json\/wp\/v2\/media?parent=6871"}],"wp:term":[{"taxonomy":"category","embeddable":true,"href":"https:\/\/agora.xtec.cat\/ceip-joan-coret\/wp-json\/wp\/v2\/categories?post=6871"},{"taxonomy":"post_tag","embeddable":true,"href":"https:\/\/agora.xtec.cat\/ceip-joan-coret\/wp-json\/wp\/v2\/tags?post=6871"}],"curies":[{"name":"wp","href":"https:\/\/api.w.org\/{rel}","templated":true}]}}