{"id":6835,"date":"2024-01-19T19:32:39","date_gmt":"2024-01-19T18:32:39","guid":{"rendered":"https:\/\/agora.xtec.cat\/ceip-joan-coret\/?p=6835"},"modified":"2024-01-19T19:32:39","modified_gmt":"2024-01-19T18:32:39","slug":"origen-del-nom-khadija","status":"publish","type":"post","link":"https:\/\/agora.xtec.cat\/ceip-joan-coret\/portada\/origen-del-nom-khadija\/","title":{"rendered":"Origen del nom Khadija"},"content":{"rendered":"<p>&nbsp;<\/p>\n<p>La nostra alumna de 6\u00e8 Khadija Naciri ens vol explicar l&#8217;origen del seu nom molt popular. Aqu\u00ed trobar\u00e0s dos \u00e0udios fets per ella mateixa on aprendrem d&#8217;on prov\u00e9 el seu nom. Moltes gr\u00e0cies Khadija per la teva feina!<\/p>\n<p>En Catal\u00e0:<\/p>\n<!--[if lt IE 9]><script>document.createElement('audio');<\/script><![endif]-->\n<audio class=\"wp-audio-shortcode\" id=\"audio-6835-1\" preload=\"none\" style=\"width: 100%;\" controls=\"controls\"><source type=\"audio\/mpeg\" src=\"https:\/\/agora.xtec.cat\/ceip-joan-coret\/wp-content\/uploads\/usu1194\/2024\/01\/Khadija-catala.mp3?_=1\" \/><a href=\"https:\/\/agora.xtec.cat\/ceip-joan-coret\/wp-content\/uploads\/usu1194\/2024\/01\/Khadija-catala.mp3\">https:\/\/agora.xtec.cat\/ceip-joan-coret\/wp-content\/uploads\/usu1194\/2024\/01\/Khadija-catala.mp3<\/a><\/audio>\n<p>En Castell\u00e0:<\/p>\n<audio class=\"wp-audio-shortcode\" id=\"audio-6835-2\" preload=\"none\" style=\"width: 100%;\" controls=\"controls\"><source type=\"audio\/mpeg\" src=\"https:\/\/agora.xtec.cat\/ceip-joan-coret\/wp-content\/uploads\/usu1194\/2024\/01\/khadija-castellano.mp3?_=2\" \/><a href=\"https:\/\/agora.xtec.cat\/ceip-joan-coret\/wp-content\/uploads\/usu1194\/2024\/01\/khadija-castellano.mp3\">https:\/\/agora.xtec.cat\/ceip-joan-coret\/wp-content\/uploads\/usu1194\/2024\/01\/khadija-castellano.mp3<\/a><\/audio>\n","protected":false},"excerpt":{"rendered":"<p>&nbsp;<br \/>\nLa nostra alumna de 6\u00e8 Khadija Naciri ens vol explicar l&#8217;origen del seu nom molt popular. Aqu\u00ed trobar\u00e0s dos \u00e0udios fets per ella mateixa on aprendrem d&#8217;on prov\u00e9 el seu nom. Moltes gr\u00e0cies Khadija per la teva feina!<br \/>\nEn Catal\u00e0:<br \/>\n<a href=\"https:\/\/agora.xtec.cat\/ceip-joan-coret\/wp-content\/uploads\/usu1194\/2024\/01\/Khadija-catala.mp3\">https:\/\/agora.xtec.cat\/ceip-joan-coret\/wp-content\/uploads\/usu1194\/2024\/01\/Khadija-catala.mp3<\/a><br \/>\nEn Castell\u00e0:<br \/>\n<a href=\"https:\/\/agora.xtec.cat\/ceip-joan-coret\/wp-content\/uploads\/usu1194\/2024\/01\/khadija-castellano.mp3\">https:\/\/agora.xtec.cat\/ceip-joan-coret\/wp-content\/uploads\/usu1194\/2024\/01\/khadija-castellano.mp3<\/a><\/p>\n","protected":false},"author":3,"featured_media":0,"comment_status":"open","ping_status":"closed","sticky":false,"template":"","format":"standard","meta":{"_bbp_topic_count":0,"_bbp_reply_count":0,"_bbp_total_topic_count":0,"_bbp_total_reply_count":0,"_bbp_voice_count":0,"_bbp_anonymous_reply_count":0,"_bbp_topic_count_hidden":0,"_bbp_reply_count_hidden":0,"_bbp_forum_subforum_count":0,"footnotes":""},"categories":[15,4],"tags":[],"class_list":["post-6835","post","type-post","status-publish","format-standard","hentry","category-6e","category-portada"],"post_mailing_queue_ids":[],"_links":{"self":[{"href":"https:\/\/agora.xtec.cat\/ceip-joan-coret\/wp-json\/wp\/v2\/posts\/6835","targetHints":{"allow":["GET"]}}],"collection":[{"href":"https:\/\/agora.xtec.cat\/ceip-joan-coret\/wp-json\/wp\/v2\/posts"}],"about":[{"href":"https:\/\/agora.xtec.cat\/ceip-joan-coret\/wp-json\/wp\/v2\/types\/post"}],"author":[{"embeddable":true,"href":"https:\/\/agora.xtec.cat\/ceip-joan-coret\/wp-json\/wp\/v2\/users\/3"}],"replies":[{"embeddable":true,"href":"https:\/\/agora.xtec.cat\/ceip-joan-coret\/wp-json\/wp\/v2\/comments?post=6835"}],"version-history":[{"count":1,"href":"https:\/\/agora.xtec.cat\/ceip-joan-coret\/wp-json\/wp\/v2\/posts\/6835\/revisions"}],"predecessor-version":[{"id":6838,"href":"https:\/\/agora.xtec.cat\/ceip-joan-coret\/wp-json\/wp\/v2\/posts\/6835\/revisions\/6838"}],"wp:attachment":[{"href":"https:\/\/agora.xtec.cat\/ceip-joan-coret\/wp-json\/wp\/v2\/media?parent=6835"}],"wp:term":[{"taxonomy":"category","embeddable":true,"href":"https:\/\/agora.xtec.cat\/ceip-joan-coret\/wp-json\/wp\/v2\/categories?post=6835"},{"taxonomy":"post_tag","embeddable":true,"href":"https:\/\/agora.xtec.cat\/ceip-joan-coret\/wp-json\/wp\/v2\/tags?post=6835"}],"curies":[{"name":"wp","href":"https:\/\/api.w.org\/{rel}","templated":true}]}}