{"id":6813,"date":"2023-12-21T11:30:27","date_gmt":"2023-12-21T10:30:27","guid":{"rendered":"https:\/\/agora.xtec.cat\/ceip-joan-coret\/?p=6813"},"modified":"2024-04-10T13:51:12","modified_gmt":"2024-04-10T11:51:12","slug":"podcast-1","status":"publish","type":"post","link":"https:\/\/agora.xtec.cat\/ceip-joan-coret\/portada\/podcast-1\/","title":{"rendered":"PODCAST 1"},"content":{"rendered":"<p>Hola fam\u00edlia! Aquest curs iniciem una activitat que tenim moltes ganes de realitzar. Els nens i nenes de 6\u00e8 (per grups) farem un Podcast (en video) amb temes que volem tractar. Aquest \u00e9s el nostre primer treball. Est\u00e0 fet amb molta il\u00b7lusi\u00f3 i feina. Esperem que us agradi.<\/p>\n<p style=\"text-align: center;\"><iframe loading=\"lazy\" src=\"\/\/www.youtube.com\/embed\/OByOcHfhCQM\" width=\"560\" height=\"314\" allowfullscreen=\"allowfullscreen\"><\/iframe><\/p>\n","protected":false},"excerpt":{"rendered":"<p>Hola fam\u00edlia! Aquest curs iniciem una activitat que tenim moltes ganes de realitzar. Els nens i nenes de 6\u00e8 (per grups) farem un Podcast (en video) amb temes que volem tractar. Aquest \u00e9s el nostre primer treball. Est\u00e0 fet amb molta il\u00b7lusi\u00f3 i feina. Esperem&hellip;  <a href=\"https:\/\/agora.xtec.cat\/ceip-joan-coret\/portada\/podcast-1\/\" title=\"Read PODCAST 1\">Llegeix m\u00e9s\u00bb<\/a><\/p>\n","protected":false},"author":3,"featured_media":6814,"comment_status":"open","ping_status":"closed","sticky":false,"template":"","format":"standard","meta":{"_bbp_topic_count":0,"_bbp_reply_count":0,"_bbp_total_topic_count":0,"_bbp_total_reply_count":0,"_bbp_voice_count":0,"_bbp_anonymous_reply_count":0,"_bbp_topic_count_hidden":0,"_bbp_reply_count_hidden":0,"_bbp_forum_subforum_count":0,"footnotes":""},"categories":[15,4],"tags":[],"class_list":["post-6813","post","type-post","status-publish","format-standard","has-post-thumbnail","hentry","category-6e","category-portada"],"post_mailing_queue_ids":[],"_links":{"self":[{"href":"https:\/\/agora.xtec.cat\/ceip-joan-coret\/wp-json\/wp\/v2\/posts\/6813","targetHints":{"allow":["GET"]}}],"collection":[{"href":"https:\/\/agora.xtec.cat\/ceip-joan-coret\/wp-json\/wp\/v2\/posts"}],"about":[{"href":"https:\/\/agora.xtec.cat\/ceip-joan-coret\/wp-json\/wp\/v2\/types\/post"}],"author":[{"embeddable":true,"href":"https:\/\/agora.xtec.cat\/ceip-joan-coret\/wp-json\/wp\/v2\/users\/3"}],"replies":[{"embeddable":true,"href":"https:\/\/agora.xtec.cat\/ceip-joan-coret\/wp-json\/wp\/v2\/comments?post=6813"}],"version-history":[{"count":1,"href":"https:\/\/agora.xtec.cat\/ceip-joan-coret\/wp-json\/wp\/v2\/posts\/6813\/revisions"}],"predecessor-version":[{"id":6815,"href":"https:\/\/agora.xtec.cat\/ceip-joan-coret\/wp-json\/wp\/v2\/posts\/6813\/revisions\/6815"}],"wp:featuredmedia":[{"embeddable":true,"href":"https:\/\/agora.xtec.cat\/ceip-joan-coret\/wp-json\/wp\/v2\/media\/6814"}],"wp:attachment":[{"href":"https:\/\/agora.xtec.cat\/ceip-joan-coret\/wp-json\/wp\/v2\/media?parent=6813"}],"wp:term":[{"taxonomy":"category","embeddable":true,"href":"https:\/\/agora.xtec.cat\/ceip-joan-coret\/wp-json\/wp\/v2\/categories?post=6813"},{"taxonomy":"post_tag","embeddable":true,"href":"https:\/\/agora.xtec.cat\/ceip-joan-coret\/wp-json\/wp\/v2\/tags?post=6813"}],"curies":[{"name":"wp","href":"https:\/\/api.w.org\/{rel}","templated":true}]}}