{"id":6801,"date":"2023-12-04T13:08:23","date_gmt":"2023-12-04T12:08:23","guid":{"rendered":"https:\/\/agora.xtec.cat\/ceip-joan-coret\/?p=6801"},"modified":"2023-12-04T13:08:23","modified_gmt":"2023-12-04T12:08:23","slug":"badamotri-1r","status":"publish","type":"post","link":"https:\/\/agora.xtec.cat\/ceip-joan-coret\/portada\/badamotri-1r\/","title":{"rendered":"Badamotri 1r"},"content":{"rendered":"<p align=\"justify\">El dia 6 de novembre la classe de 1r A va assistir al Badamotri 2023 al Poliesportiu de Montigal\u00e0.<\/p>\n<p align=\"justify\">L\u00b4alumnat acudeix a aquest tipus d\u00b4esdeveniment per dur a terme 6 proves f\u00edsiques que hauran treballat pr\u00e8viament a l\u00b4especialitat d\u00b4Educaci\u00f3 F\u00edsica.<\/p>\n<p align=\"justify\">Totes les activitats segueixen una hist\u00f2ria formada pels Mestres d&#8217;Educaci\u00f3 F\u00edsica de Badalona on el poliesportiu es va convertir en una selva i els\/les infants es van transformar en animals (granotes, flamencs, elefants, tortugues, cargols i conills).<\/p>\n<p align=\"justify\">Ens ho hem passat genial i ens ha encantat compartir l&#8217;experi\u00e8ncia amb altres escoles de Badalona.<\/p>\n<p><a href=\"https:\/\/photos.app.goo.gl\/ZCdMKZjVWX87GJJj8\" target=\"_blank\" rel=\"noopener\">https:\/\/photos.app.goo.gl\/ZCdMKZjVWX87GJJj8<\/a><\/p>\n","protected":false},"excerpt":{"rendered":"<p>El dia 6 de novembre la classe de 1r A va assistir al Badamotri 2023 al Poliesportiu de Montigal\u00e0.<br \/>\nL\u00b4alumnat acudeix a aquest tipus d\u00b4esdeveniment per dur a terme 6 proves f\u00edsiques que hauran treballat pr\u00e8viament a l\u00b4especialitat d\u00b4Educaci\u00f3 F\u00edsica.<br \/>\nTotes les activitats segueixen una hist\u00f2ria formada&hellip;  <a href=\"https:\/\/agora.xtec.cat\/ceip-joan-coret\/portada\/badamotri-1r\/\" title=\"Read Badamotri 1r\">Llegeix m\u00e9s\u00bb<\/a><\/p>\n","protected":false},"author":3,"featured_media":0,"comment_status":"open","ping_status":"closed","sticky":false,"template":"","format":"standard","meta":{"_bbp_topic_count":0,"_bbp_reply_count":0,"_bbp_total_topic_count":0,"_bbp_total_reply_count":0,"_bbp_voice_count":0,"_bbp_anonymous_reply_count":0,"_bbp_topic_count_hidden":0,"_bbp_reply_count_hidden":0,"_bbp_forum_subforum_count":0,"footnotes":""},"categories":[10,4],"tags":[],"class_list":["post-6801","post","type-post","status-publish","format-standard","hentry","category-1r","category-portada"],"post_mailing_queue_ids":[],"_links":{"self":[{"href":"https:\/\/agora.xtec.cat\/ceip-joan-coret\/wp-json\/wp\/v2\/posts\/6801","targetHints":{"allow":["GET"]}}],"collection":[{"href":"https:\/\/agora.xtec.cat\/ceip-joan-coret\/wp-json\/wp\/v2\/posts"}],"about":[{"href":"https:\/\/agora.xtec.cat\/ceip-joan-coret\/wp-json\/wp\/v2\/types\/post"}],"author":[{"embeddable":true,"href":"https:\/\/agora.xtec.cat\/ceip-joan-coret\/wp-json\/wp\/v2\/users\/3"}],"replies":[{"embeddable":true,"href":"https:\/\/agora.xtec.cat\/ceip-joan-coret\/wp-json\/wp\/v2\/comments?post=6801"}],"version-history":[{"count":1,"href":"https:\/\/agora.xtec.cat\/ceip-joan-coret\/wp-json\/wp\/v2\/posts\/6801\/revisions"}],"predecessor-version":[{"id":6802,"href":"https:\/\/agora.xtec.cat\/ceip-joan-coret\/wp-json\/wp\/v2\/posts\/6801\/revisions\/6802"}],"wp:attachment":[{"href":"https:\/\/agora.xtec.cat\/ceip-joan-coret\/wp-json\/wp\/v2\/media?parent=6801"}],"wp:term":[{"taxonomy":"category","embeddable":true,"href":"https:\/\/agora.xtec.cat\/ceip-joan-coret\/wp-json\/wp\/v2\/categories?post=6801"},{"taxonomy":"post_tag","embeddable":true,"href":"https:\/\/agora.xtec.cat\/ceip-joan-coret\/wp-json\/wp\/v2\/tags?post=6801"}],"curies":[{"name":"wp","href":"https:\/\/api.w.org\/{rel}","templated":true}]}}