{"id":6777,"date":"2023-10-16T12:14:56","date_gmt":"2023-10-16T10:14:56","guid":{"rendered":"https:\/\/agora.xtec.cat\/ceip-joan-coret\/?p=6777"},"modified":"2023-10-16T12:14:56","modified_gmt":"2023-10-16T10:14:56","slug":"museu-de-les-matematiques-4rt","status":"publish","type":"post","link":"https:\/\/agora.xtec.cat\/ceip-joan-coret\/portada\/museu-de-les-matematiques-4rt\/","title":{"rendered":"Museu de les Matem\u00e0tiques 4rt"},"content":{"rendered":"<p><span lang=\"ca-ES\">Hola fam\u00edlies!!<\/span><\/p>\n<p><span lang=\"ca-ES\">El passat dilluns 26 de setembre, l\u2019alumnat de 4t vam tenir la sort de gaudir d\u2019un dels museus m\u00e9s interessants, el de les MATEM\u00c0TIQUES!!<\/span><\/p>\n<p><span lang=\"ca-ES\">Vam realitzar dues activitats. Una activitat guiada sobre els Poli<\/span><span lang=\"ca-ES\">no<\/span><span lang=\"ca-ES\">mis i una altra m\u00e9s aut\u00f2noma on ens vam <\/span><span lang=\"ca-ES\">en<\/span><span lang=\"ca-ES\">frontar <\/span><span lang=\"ca-ES\">a<\/span><span lang=\"ca-ES\">ls diferents reptes posant en pr\u00e0ctica estrat\u00e8gies com el c\u00e0lcul, la geometria, la distribuci\u00f3 al pla i a l\u2019espai i l\u2019orientaci\u00f3.<\/span><\/p>\n<p><span lang=\"ca-ES\">Despr\u00e9s va<\/span><span lang=\"ca-ES\">m<\/span><span lang=\"ca-ES\"> gaudir d\u2019una estona de joc lliure al parc del museu.<\/span><\/p>\n<p><span lang=\"ca-ES\">Ens ho vam passar d\u2019all\u00f2 m\u00e9s b\u00e9!!!<\/span><\/p>\n<p><a name=\"_GoBack\"><\/a><span lang=\"ca-ES\">Les mestres de 4t<\/span><\/p>\n<p><a href=\"https:\/\/photos.app.goo.gl\/DnWyMiWGUuLLxh7z8\" target=\"_blank\" rel=\"noopener\">https:\/\/photos.app.goo.gl\/DnWyMiWGUuLLxh7z8<\/a><\/p>\n","protected":false},"excerpt":{"rendered":"<p>Hola fam\u00edlies!!<br \/>\nEl passat dilluns 26 de setembre, l\u2019alumnat de 4t vam tenir la sort de gaudir d\u2019un dels museus m\u00e9s interessants, el de les MATEM\u00c0TIQUES!!<br \/>\nVam realitzar dues activitats. Una activitat guiada sobre els Polinomis i una altra m\u00e9s aut\u00f2noma on ens vam enfrontar als diferents&hellip;  <a href=\"https:\/\/agora.xtec.cat\/ceip-joan-coret\/portada\/museu-de-les-matematiques-4rt\/\" title=\"Read Museu de les Matem\u00e0tiques 4rt\">Llegeix m\u00e9s\u00bb<\/a><\/p>\n","protected":false},"author":3,"featured_media":0,"comment_status":"open","ping_status":"closed","sticky":false,"template":"","format":"standard","meta":{"_bbp_topic_count":0,"_bbp_reply_count":0,"_bbp_total_topic_count":0,"_bbp_total_reply_count":0,"_bbp_voice_count":0,"_bbp_anonymous_reply_count":0,"_bbp_topic_count_hidden":0,"_bbp_reply_count_hidden":0,"_bbp_forum_subforum_count":0,"footnotes":""},"categories":[13,4],"tags":[92,403],"class_list":["post-6777","post","type-post","status-publish","format-standard","hentry","category-4t","category-portada","tag-4rt","tag-museu-de-les-matematiques"],"post_mailing_queue_ids":[],"_links":{"self":[{"href":"https:\/\/agora.xtec.cat\/ceip-joan-coret\/wp-json\/wp\/v2\/posts\/6777","targetHints":{"allow":["GET"]}}],"collection":[{"href":"https:\/\/agora.xtec.cat\/ceip-joan-coret\/wp-json\/wp\/v2\/posts"}],"about":[{"href":"https:\/\/agora.xtec.cat\/ceip-joan-coret\/wp-json\/wp\/v2\/types\/post"}],"author":[{"embeddable":true,"href":"https:\/\/agora.xtec.cat\/ceip-joan-coret\/wp-json\/wp\/v2\/users\/3"}],"replies":[{"embeddable":true,"href":"https:\/\/agora.xtec.cat\/ceip-joan-coret\/wp-json\/wp\/v2\/comments?post=6777"}],"version-history":[{"count":1,"href":"https:\/\/agora.xtec.cat\/ceip-joan-coret\/wp-json\/wp\/v2\/posts\/6777\/revisions"}],"predecessor-version":[{"id":6778,"href":"https:\/\/agora.xtec.cat\/ceip-joan-coret\/wp-json\/wp\/v2\/posts\/6777\/revisions\/6778"}],"wp:attachment":[{"href":"https:\/\/agora.xtec.cat\/ceip-joan-coret\/wp-json\/wp\/v2\/media?parent=6777"}],"wp:term":[{"taxonomy":"category","embeddable":true,"href":"https:\/\/agora.xtec.cat\/ceip-joan-coret\/wp-json\/wp\/v2\/categories?post=6777"},{"taxonomy":"post_tag","embeddable":true,"href":"https:\/\/agora.xtec.cat\/ceip-joan-coret\/wp-json\/wp\/v2\/tags?post=6777"}],"curies":[{"name":"wp","href":"https:\/\/api.w.org\/{rel}","templated":true}]}}