{"id":6706,"date":"2023-05-30T13:24:08","date_gmt":"2023-05-30T11:24:08","guid":{"rendered":"https:\/\/agora.xtec.cat\/ceip-joan-coret\/?p=6706"},"modified":"2023-05-30T13:24:08","modified_gmt":"2023-05-30T11:24:08","slug":"cala-canyelles-6e-22-23","status":"publish","type":"post","link":"https:\/\/agora.xtec.cat\/ceip-joan-coret\/portada\/cala-canyelles-6e-22-23\/","title":{"rendered":"Cala Canyelles 6\u00e8 22-23"},"content":{"rendered":"<p>Hola a tothom! Ja tenim les fotos de Cala Canyelles de 6\u00e8. Les voleu veure? Doncs aqu\u00ed estan:<\/p>\n<p><a href=\"https:\/\/photos.app.goo.gl\/fmyjX6694W8GXbuR9\" target=\"_blank\" rel=\"noopener\">https:\/\/photos.app.goo.gl\/fmyjX6694W8GXbuR9<\/a><\/p>\n","protected":false},"excerpt":{"rendered":"<p>Hola a tothom! Ja tenim les fotos de Cala Canyelles de 6\u00e8. Les voleu veure? Doncs aqu\u00ed estan:<br \/>\n<a href=\"https:\/\/photos.app.goo.gl\/fmyjX6694W8GXbuR9\" target=\"_blank\" rel=\"noopener\">https:\/\/photos.app.goo.gl\/fmyjX6694W8GXbuR9<\/a><\/p>\n","protected":false},"author":3,"featured_media":0,"comment_status":"open","ping_status":"closed","sticky":false,"template":"","format":"standard","meta":{"_bbp_topic_count":0,"_bbp_reply_count":0,"_bbp_total_topic_count":0,"_bbp_total_reply_count":0,"_bbp_voice_count":0,"_bbp_anonymous_reply_count":0,"_bbp_topic_count_hidden":0,"_bbp_reply_count_hidden":0,"_bbp_forum_subforum_count":0,"footnotes":""},"categories":[15,4],"tags":[145],"class_list":["post-6706","post","type-post","status-publish","format-standard","hentry","category-6e","category-portada","tag-cala-canyelles"],"post_mailing_queue_ids":[],"_links":{"self":[{"href":"https:\/\/agora.xtec.cat\/ceip-joan-coret\/wp-json\/wp\/v2\/posts\/6706","targetHints":{"allow":["GET"]}}],"collection":[{"href":"https:\/\/agora.xtec.cat\/ceip-joan-coret\/wp-json\/wp\/v2\/posts"}],"about":[{"href":"https:\/\/agora.xtec.cat\/ceip-joan-coret\/wp-json\/wp\/v2\/types\/post"}],"author":[{"embeddable":true,"href":"https:\/\/agora.xtec.cat\/ceip-joan-coret\/wp-json\/wp\/v2\/users\/3"}],"replies":[{"embeddable":true,"href":"https:\/\/agora.xtec.cat\/ceip-joan-coret\/wp-json\/wp\/v2\/comments?post=6706"}],"version-history":[{"count":1,"href":"https:\/\/agora.xtec.cat\/ceip-joan-coret\/wp-json\/wp\/v2\/posts\/6706\/revisions"}],"predecessor-version":[{"id":6707,"href":"https:\/\/agora.xtec.cat\/ceip-joan-coret\/wp-json\/wp\/v2\/posts\/6706\/revisions\/6707"}],"wp:attachment":[{"href":"https:\/\/agora.xtec.cat\/ceip-joan-coret\/wp-json\/wp\/v2\/media?parent=6706"}],"wp:term":[{"taxonomy":"category","embeddable":true,"href":"https:\/\/agora.xtec.cat\/ceip-joan-coret\/wp-json\/wp\/v2\/categories?post=6706"},{"taxonomy":"post_tag","embeddable":true,"href":"https:\/\/agora.xtec.cat\/ceip-joan-coret\/wp-json\/wp\/v2\/tags?post=6706"}],"curies":[{"name":"wp","href":"https:\/\/api.w.org\/{rel}","templated":true}]}}