{"id":6704,"date":"2023-05-30T13:34:40","date_gmt":"2023-05-30T11:34:40","guid":{"rendered":"https:\/\/agora.xtec.cat\/ceip-joan-coret\/?p=6704"},"modified":"2023-05-30T13:34:40","modified_gmt":"2023-05-30T11:34:40","slug":"cosmocaixa","status":"publish","type":"post","link":"https:\/\/agora.xtec.cat\/ceip-joan-coret\/portada\/cosmocaixa\/","title":{"rendered":"Cosmocaixa"},"content":{"rendered":"<p>Els alumnes de 3r el dia 23 de maig van fer una sortida al museu CosmoCaixa. Van poder fer un taller sobre els \u00e9ssers vius i con\u00e8ixer algunes sales com: el bosc inundat, la Sala Univers i restes i rastres. Finalment, vam veure una exposici\u00f3 de com s&#8217;utilitzava la tecnologia amb pel\u00b7l\u00edcules de &#8220;Pixar&#8221;.<\/p>\n<p><a href=\"https:\/\/photos.app.goo.gl\/xQmzWcsg9R66uwrJ6\" target=\"_blank\" rel=\"noopener\">https:\/\/photos.app.goo.gl\/xQmzWcsg9R66uwrJ6<\/a><\/p>\n","protected":false},"excerpt":{"rendered":"<p>Els alumnes de 3r el dia 23 de maig van fer una sortida al museu CosmoCaixa. Van poder fer un taller sobre els \u00e9ssers vius i con\u00e8ixer algunes sales com: el bosc inundat, la Sala Univers i restes i rastres. Finalment, vam veure una exposici\u00f3&hellip;  <a href=\"https:\/\/agora.xtec.cat\/ceip-joan-coret\/portada\/cosmocaixa\/\" title=\"Read Cosmocaixa\">Llegeix m\u00e9s\u00bb<\/a><\/p>\n","protected":false},"author":69,"featured_media":0,"comment_status":"open","ping_status":"closed","sticky":false,"template":"","format":"standard","meta":{"_bbp_topic_count":0,"_bbp_reply_count":0,"_bbp_total_topic_count":0,"_bbp_total_reply_count":0,"_bbp_voice_count":0,"_bbp_anonymous_reply_count":0,"_bbp_topic_count_hidden":0,"_bbp_reply_count_hidden":0,"_bbp_forum_subforum_count":0,"footnotes":""},"categories":[12,4],"tags":[],"class_list":["post-6704","post","type-post","status-publish","format-standard","hentry","category-3r","category-portada"],"post_mailing_queue_ids":[],"_links":{"self":[{"href":"https:\/\/agora.xtec.cat\/ceip-joan-coret\/wp-json\/wp\/v2\/posts\/6704","targetHints":{"allow":["GET"]}}],"collection":[{"href":"https:\/\/agora.xtec.cat\/ceip-joan-coret\/wp-json\/wp\/v2\/posts"}],"about":[{"href":"https:\/\/agora.xtec.cat\/ceip-joan-coret\/wp-json\/wp\/v2\/types\/post"}],"author":[{"embeddable":true,"href":"https:\/\/agora.xtec.cat\/ceip-joan-coret\/wp-json\/wp\/v2\/users\/69"}],"replies":[{"embeddable":true,"href":"https:\/\/agora.xtec.cat\/ceip-joan-coret\/wp-json\/wp\/v2\/comments?post=6704"}],"version-history":[{"count":2,"href":"https:\/\/agora.xtec.cat\/ceip-joan-coret\/wp-json\/wp\/v2\/posts\/6704\/revisions"}],"predecessor-version":[{"id":6709,"href":"https:\/\/agora.xtec.cat\/ceip-joan-coret\/wp-json\/wp\/v2\/posts\/6704\/revisions\/6709"}],"wp:attachment":[{"href":"https:\/\/agora.xtec.cat\/ceip-joan-coret\/wp-json\/wp\/v2\/media?parent=6704"}],"wp:term":[{"taxonomy":"category","embeddable":true,"href":"https:\/\/agora.xtec.cat\/ceip-joan-coret\/wp-json\/wp\/v2\/categories?post=6704"},{"taxonomy":"post_tag","embeddable":true,"href":"https:\/\/agora.xtec.cat\/ceip-joan-coret\/wp-json\/wp\/v2\/tags?post=6704"}],"curies":[{"name":"wp","href":"https:\/\/api.w.org\/{rel}","templated":true}]}}