{"id":6698,"date":"2023-05-23T10:14:59","date_gmt":"2023-05-23T08:14:59","guid":{"rendered":"https:\/\/agora.xtec.cat\/ceip-joan-coret\/?p=6698"},"modified":"2023-05-23T10:14:59","modified_gmt":"2023-05-23T08:14:59","slug":"visitem-el-mnactec-a-terrassa","status":"publish","type":"post","link":"https:\/\/agora.xtec.cat\/ceip-joan-coret\/portada\/visitem-el-mnactec-a-terrassa\/","title":{"rendered":"Visitem el MNACTEC a Terrassa"},"content":{"rendered":"<p align=\"justify\"><span style=\"font-family: DejaVu Sans, sans-serif;\"><span style=\"font-size: medium;\">El passat 17 de maig els infants de 5<sup>\u00e8<\/sup> vam visitar el Museu Nacional de la Ci\u00e8ncia i la T\u00e8cnica de Terrassa. All\u00e0 vam realitzar dues activitats molt interessants.<\/span><\/span><\/p>\n<p align=\"justify\"><span style=\"font-family: DejaVu Sans, sans-serif;\"><span style=\"font-size: medium;\">Una al voltant de la figura de Leonardo da Vinci i els seus invents l l\u2019altra era un recorregut pels diferents tipus d\u2019energia. <\/span><\/span><\/p>\n<p align=\"justify\"><span style=\"font-family: DejaVu Sans, sans-serif;\"><span style=\"font-size: medium;\">Vam poder aprendre molt tot gaudint i manipulant.<\/span><\/span><\/p>\n<p align=\"justify\"><span style=\"font-family: DejaVu Sans, sans-serif;\"><span style=\"font-size: medium;\">Aqu\u00ed us deixem algunes fotos!<\/span><\/span><\/p>\n<p><a href=\"https:\/\/photos.app.goo.gl\/y2xLwv6Tje8aNivn7\" target=\"_blank\" rel=\"noopener\">https:\/\/photos.app.goo.gl\/y2xLwv6Tje8aNivn7<\/a><\/p>\n","protected":false},"excerpt":{"rendered":"<p>El passat 17 de maig els infants de 5\u00e8 vam visitar el Museu Nacional de la Ci\u00e8ncia i la T\u00e8cnica de Terrassa. All\u00e0 vam realitzar dues activitats molt interessants.<br \/>\nUna al voltant de la figura de Leonardo da Vinci i els seus invents l l\u2019altra era&hellip;  <a href=\"https:\/\/agora.xtec.cat\/ceip-joan-coret\/portada\/visitem-el-mnactec-a-terrassa\/\" title=\"Read Visitem el MNACTEC a Terrassa\">Llegeix m\u00e9s\u00bb<\/a><\/p>\n","protected":false},"author":3,"featured_media":0,"comment_status":"open","ping_status":"closed","sticky":false,"template":"","format":"standard","meta":{"_bbp_topic_count":0,"_bbp_reply_count":0,"_bbp_total_topic_count":0,"_bbp_total_reply_count":0,"_bbp_voice_count":0,"_bbp_anonymous_reply_count":0,"_bbp_topic_count_hidden":0,"_bbp_reply_count_hidden":0,"_bbp_forum_subforum_count":0,"footnotes":""},"categories":[14,4],"tags":[210],"class_list":["post-6698","post","type-post","status-publish","format-standard","hentry","category-5e","category-portada","tag-mnactec"],"post_mailing_queue_ids":[],"_links":{"self":[{"href":"https:\/\/agora.xtec.cat\/ceip-joan-coret\/wp-json\/wp\/v2\/posts\/6698","targetHints":{"allow":["GET"]}}],"collection":[{"href":"https:\/\/agora.xtec.cat\/ceip-joan-coret\/wp-json\/wp\/v2\/posts"}],"about":[{"href":"https:\/\/agora.xtec.cat\/ceip-joan-coret\/wp-json\/wp\/v2\/types\/post"}],"author":[{"embeddable":true,"href":"https:\/\/agora.xtec.cat\/ceip-joan-coret\/wp-json\/wp\/v2\/users\/3"}],"replies":[{"embeddable":true,"href":"https:\/\/agora.xtec.cat\/ceip-joan-coret\/wp-json\/wp\/v2\/comments?post=6698"}],"version-history":[{"count":1,"href":"https:\/\/agora.xtec.cat\/ceip-joan-coret\/wp-json\/wp\/v2\/posts\/6698\/revisions"}],"predecessor-version":[{"id":6699,"href":"https:\/\/agora.xtec.cat\/ceip-joan-coret\/wp-json\/wp\/v2\/posts\/6698\/revisions\/6699"}],"wp:attachment":[{"href":"https:\/\/agora.xtec.cat\/ceip-joan-coret\/wp-json\/wp\/v2\/media?parent=6698"}],"wp:term":[{"taxonomy":"category","embeddable":true,"href":"https:\/\/agora.xtec.cat\/ceip-joan-coret\/wp-json\/wp\/v2\/categories?post=6698"},{"taxonomy":"post_tag","embeddable":true,"href":"https:\/\/agora.xtec.cat\/ceip-joan-coret\/wp-json\/wp\/v2\/tags?post=6698"}],"curies":[{"name":"wp","href":"https:\/\/api.w.org\/{rel}","templated":true}]}}