{"id":6691,"date":"2023-05-15T11:23:16","date_gmt":"2023-05-15T09:23:16","guid":{"rendered":"https:\/\/agora.xtec.cat\/ceip-joan-coret\/?p=6691"},"modified":"2023-05-15T11:23:16","modified_gmt":"2023-05-15T09:23:16","slug":"catalunya-en-miniatura","status":"publish","type":"post","link":"https:\/\/agora.xtec.cat\/ceip-joan-coret\/portada\/catalunya-en-miniatura\/","title":{"rendered":"Catalunya en miniatura"},"content":{"rendered":"<p align=\"justify\"><span style=\"font-family: DejaVu Sans, sans-serif;\"><span style=\"font-size: medium;\">El trimestre passat, els nens i les nenes de 5<sup>\u00e8<\/sup> vam visitar el parc de Catalunya en miniatura. All\u00e0 vam fer una activitat molt engrescadora i divertida per repassar les comarques que est\u00e0vem estudiant, tot fent un passeig pels monuments m\u00e9s emblem\u00e0tics de la nostra comunitat.<\/span><\/span><\/p>\n<p align=\"justify\"><span style=\"font-family: DejaVu Sans, sans-serif;\"><span style=\"font-size: medium;\">Aqu\u00ed us deixem algunes fotos!<\/span><\/span><\/p>\n<p><a href=\"https:\/\/photos.app.goo.gl\/bUWD9vuiHZrT2zVEA\">https:\/\/photos.app.goo.gl\/bUWD9vuiHZrT2zVEA<\/a><\/p>\n","protected":false},"excerpt":{"rendered":"<p>El trimestre passat, els nens i les nenes de 5\u00e8 vam visitar el parc de Catalunya en miniatura. All\u00e0 vam fer una activitat molt engrescadora i divertida per repassar les comarques que est\u00e0vem estudiant, tot fent un passeig pels monuments m\u00e9s emblem\u00e0tics de la nostra&hellip;  <a href=\"https:\/\/agora.xtec.cat\/ceip-joan-coret\/portada\/catalunya-en-miniatura\/\" title=\"Read Catalunya en miniatura\">Llegeix m\u00e9s\u00bb<\/a><\/p>\n","protected":false},"author":3,"featured_media":0,"comment_status":"open","ping_status":"closed","sticky":false,"template":"","format":"standard","meta":{"_bbp_topic_count":0,"_bbp_reply_count":0,"_bbp_total_topic_count":0,"_bbp_total_reply_count":0,"_bbp_voice_count":0,"_bbp_anonymous_reply_count":0,"_bbp_topic_count_hidden":0,"_bbp_reply_count_hidden":0,"_bbp_forum_subforum_count":0,"footnotes":""},"categories":[14,4],"tags":[],"class_list":["post-6691","post","type-post","status-publish","format-standard","hentry","category-5e","category-portada"],"post_mailing_queue_ids":[],"_links":{"self":[{"href":"https:\/\/agora.xtec.cat\/ceip-joan-coret\/wp-json\/wp\/v2\/posts\/6691","targetHints":{"allow":["GET"]}}],"collection":[{"href":"https:\/\/agora.xtec.cat\/ceip-joan-coret\/wp-json\/wp\/v2\/posts"}],"about":[{"href":"https:\/\/agora.xtec.cat\/ceip-joan-coret\/wp-json\/wp\/v2\/types\/post"}],"author":[{"embeddable":true,"href":"https:\/\/agora.xtec.cat\/ceip-joan-coret\/wp-json\/wp\/v2\/users\/3"}],"replies":[{"embeddable":true,"href":"https:\/\/agora.xtec.cat\/ceip-joan-coret\/wp-json\/wp\/v2\/comments?post=6691"}],"version-history":[{"count":1,"href":"https:\/\/agora.xtec.cat\/ceip-joan-coret\/wp-json\/wp\/v2\/posts\/6691\/revisions"}],"predecessor-version":[{"id":6692,"href":"https:\/\/agora.xtec.cat\/ceip-joan-coret\/wp-json\/wp\/v2\/posts\/6691\/revisions\/6692"}],"wp:attachment":[{"href":"https:\/\/agora.xtec.cat\/ceip-joan-coret\/wp-json\/wp\/v2\/media?parent=6691"}],"wp:term":[{"taxonomy":"category","embeddable":true,"href":"https:\/\/agora.xtec.cat\/ceip-joan-coret\/wp-json\/wp\/v2\/categories?post=6691"},{"taxonomy":"post_tag","embeddable":true,"href":"https:\/\/agora.xtec.cat\/ceip-joan-coret\/wp-json\/wp\/v2\/tags?post=6691"}],"curies":[{"name":"wp","href":"https:\/\/api.w.org\/{rel}","templated":true}]}}