{"id":6653,"date":"2023-05-03T15:54:25","date_gmt":"2023-05-03T13:54:25","guid":{"rendered":"https:\/\/agora.xtec.cat\/ceip-joan-coret\/?p=6653"},"modified":"2023-05-03T15:54:25","modified_gmt":"2023-05-03T13:54:25","slug":"padrins-lectors-5e-i-1r","status":"publish","type":"post","link":"https:\/\/agora.xtec.cat\/ceip-joan-coret\/portada\/padrins-lectors-5e-i-1r\/","title":{"rendered":"Padrins lectors 5\u00e8 i 1r"},"content":{"rendered":"<p>Aquest curs hem comen\u00e7at a fer l&#8217;apadrinament lector. \u00c9s una experi\u00e8ncia emocionant perqu\u00e8 les classes de 5\u00e8 ajudem als m\u00e9s petits i petites de prim\u00e0ria a iniciar-se en el meravell\u00f3s mon de la lectura. Es reunim al hall de l&#8217;escola i all\u00e0 compartim una estona meravellosa. Aqu\u00ed teniu algunes fotos:<\/p>\n<p><a href=\"https:\/\/photos.app.goo.gl\/YDUjRAzk7ANEWfYr8\" target=\"_blank\" rel=\"noopener\">https:\/\/photos.app.goo.gl\/YDUjRAzk7ANEWfYr8<\/a><\/p>\n","protected":false},"excerpt":{"rendered":"<p>Aquest curs hem comen\u00e7at a fer l&#8217;apadrinament lector. \u00c9s una experi\u00e8ncia emocionant perqu\u00e8 les classes de 5\u00e8 ajudem als m\u00e9s petits i petites de prim\u00e0ria a iniciar-se en el meravell\u00f3s mon de la lectura. Es reunim al hall de l&#8217;escola i all\u00e0 compartim una estona&hellip;  <a href=\"https:\/\/agora.xtec.cat\/ceip-joan-coret\/portada\/padrins-lectors-5e-i-1r\/\" title=\"Read Padrins lectors 5\u00e8 i 1r\">Llegeix m\u00e9s\u00bb<\/a><\/p>\n","protected":false},"author":3,"featured_media":0,"comment_status":"open","ping_status":"closed","sticky":false,"template":"","format":"standard","meta":{"_bbp_topic_count":0,"_bbp_reply_count":0,"_bbp_total_topic_count":0,"_bbp_total_reply_count":0,"_bbp_voice_count":0,"_bbp_anonymous_reply_count":0,"_bbp_topic_count_hidden":0,"_bbp_reply_count_hidden":0,"_bbp_forum_subforum_count":0,"footnotes":""},"categories":[10,14,4],"tags":[],"class_list":["post-6653","post","type-post","status-publish","format-standard","hentry","category-1r","category-5e","category-portada"],"post_mailing_queue_ids":[],"_links":{"self":[{"href":"https:\/\/agora.xtec.cat\/ceip-joan-coret\/wp-json\/wp\/v2\/posts\/6653","targetHints":{"allow":["GET"]}}],"collection":[{"href":"https:\/\/agora.xtec.cat\/ceip-joan-coret\/wp-json\/wp\/v2\/posts"}],"about":[{"href":"https:\/\/agora.xtec.cat\/ceip-joan-coret\/wp-json\/wp\/v2\/types\/post"}],"author":[{"embeddable":true,"href":"https:\/\/agora.xtec.cat\/ceip-joan-coret\/wp-json\/wp\/v2\/users\/3"}],"replies":[{"embeddable":true,"href":"https:\/\/agora.xtec.cat\/ceip-joan-coret\/wp-json\/wp\/v2\/comments?post=6653"}],"version-history":[{"count":1,"href":"https:\/\/agora.xtec.cat\/ceip-joan-coret\/wp-json\/wp\/v2\/posts\/6653\/revisions"}],"predecessor-version":[{"id":6654,"href":"https:\/\/agora.xtec.cat\/ceip-joan-coret\/wp-json\/wp\/v2\/posts\/6653\/revisions\/6654"}],"wp:attachment":[{"href":"https:\/\/agora.xtec.cat\/ceip-joan-coret\/wp-json\/wp\/v2\/media?parent=6653"}],"wp:term":[{"taxonomy":"category","embeddable":true,"href":"https:\/\/agora.xtec.cat\/ceip-joan-coret\/wp-json\/wp\/v2\/categories?post=6653"},{"taxonomy":"post_tag","embeddable":true,"href":"https:\/\/agora.xtec.cat\/ceip-joan-coret\/wp-json\/wp\/v2\/tags?post=6653"}],"curies":[{"name":"wp","href":"https:\/\/api.w.org\/{rel}","templated":true}]}}