{"id":6640,"date":"2023-04-27T13:13:15","date_gmt":"2023-04-27T11:13:15","guid":{"rendered":"https:\/\/agora.xtec.cat\/ceip-joan-coret\/?p=6640"},"modified":"2023-04-27T13:13:15","modified_gmt":"2023-04-27T11:13:15","slug":"palau-de-la-musica-2n","status":"publish","type":"post","link":"https:\/\/agora.xtec.cat\/ceip-joan-coret\/portada\/palau-de-la-musica-2n\/","title":{"rendered":"Palau de la M\u00fasica 2n"},"content":{"rendered":"<p align=\"justify\"><span style=\"font-size: medium;\"><b>Hem anat al Palau de la M\u00fasica!<\/b><\/span><\/p>\n<p align=\"justify\">Els nens i nenes de les classes de 2n, hem anat a l\u2019espectacle Trencad\u00eds de can\u00e7ons, en el qual hem reconegut algunes melodies que hav\u00edem treballat a la classe de m\u00fasica. L\u2019edifici \u00e9s espectacular i com que hav\u00edem treballat l\u2019estil modernista, hem descobert alguns elements arquitect\u00f2nics que tamb\u00e9 ens van mostrar a l\u2019espectacle com ara: el cavall alat, la musa i les palmeres. Per descomptat, hem fet una volta per mirar la c\u00fapula amb vitralls.<\/p>\n<p align=\"justify\"><a href=\"https:\/\/photos.app.goo.gl\/dtDyXk5ESH7ETFqj6\" target=\"_blank\" rel=\"noopener\">https:\/\/photos.app.goo.gl\/dtDyXk5ESH7ETFqj6<\/a><\/p>\n","protected":false},"excerpt":{"rendered":"<p>Hem anat al Palau de la M\u00fasica!<br \/>\nEls nens i nenes de les classes de 2n, hem anat a l\u2019espectacle Trencad\u00eds de can\u00e7ons, en el qual hem reconegut algunes melodies que hav\u00edem treballat a la classe de m\u00fasica. L\u2019edifici \u00e9s espectacular i com que hav\u00edem treballat&hellip;  <a href=\"https:\/\/agora.xtec.cat\/ceip-joan-coret\/portada\/palau-de-la-musica-2n\/\" title=\"Read Palau de la M\u00fasica 2n\">Llegeix m\u00e9s\u00bb<\/a><\/p>\n","protected":false},"author":3,"featured_media":0,"comment_status":"open","ping_status":"closed","sticky":false,"template":"","format":"standard","meta":{"_bbp_topic_count":0,"_bbp_reply_count":0,"_bbp_total_topic_count":0,"_bbp_total_reply_count":0,"_bbp_voice_count":0,"_bbp_anonymous_reply_count":0,"_bbp_topic_count_hidden":0,"_bbp_reply_count_hidden":0,"_bbp_forum_subforum_count":0,"footnotes":""},"categories":[11,60,4],"tags":[],"class_list":["post-6640","post","type-post","status-publish","format-standard","hentry","category-2n","category-musica","category-portada"],"post_mailing_queue_ids":[],"_links":{"self":[{"href":"https:\/\/agora.xtec.cat\/ceip-joan-coret\/wp-json\/wp\/v2\/posts\/6640","targetHints":{"allow":["GET"]}}],"collection":[{"href":"https:\/\/agora.xtec.cat\/ceip-joan-coret\/wp-json\/wp\/v2\/posts"}],"about":[{"href":"https:\/\/agora.xtec.cat\/ceip-joan-coret\/wp-json\/wp\/v2\/types\/post"}],"author":[{"embeddable":true,"href":"https:\/\/agora.xtec.cat\/ceip-joan-coret\/wp-json\/wp\/v2\/users\/3"}],"replies":[{"embeddable":true,"href":"https:\/\/agora.xtec.cat\/ceip-joan-coret\/wp-json\/wp\/v2\/comments?post=6640"}],"version-history":[{"count":1,"href":"https:\/\/agora.xtec.cat\/ceip-joan-coret\/wp-json\/wp\/v2\/posts\/6640\/revisions"}],"predecessor-version":[{"id":6641,"href":"https:\/\/agora.xtec.cat\/ceip-joan-coret\/wp-json\/wp\/v2\/posts\/6640\/revisions\/6641"}],"wp:attachment":[{"href":"https:\/\/agora.xtec.cat\/ceip-joan-coret\/wp-json\/wp\/v2\/media?parent=6640"}],"wp:term":[{"taxonomy":"category","embeddable":true,"href":"https:\/\/agora.xtec.cat\/ceip-joan-coret\/wp-json\/wp\/v2\/categories?post=6640"},{"taxonomy":"post_tag","embeddable":true,"href":"https:\/\/agora.xtec.cat\/ceip-joan-coret\/wp-json\/wp\/v2\/tags?post=6640"}],"curies":[{"name":"wp","href":"https:\/\/api.w.org\/{rel}","templated":true}]}}