{"id":6613,"date":"2023-04-27T13:01:34","date_gmt":"2023-04-27T11:01:34","guid":{"rendered":"https:\/\/agora.xtec.cat\/ceip-joan-coret\/?p=6613"},"modified":"2023-04-27T13:01:34","modified_gmt":"2023-04-27T11:01:34","slug":"sortida-al-cap-de-montigala","status":"publish","type":"post","link":"https:\/\/agora.xtec.cat\/ceip-joan-coret\/portada\/sortida-al-cap-de-montigala\/","title":{"rendered":"Sortida al cap de Montigal\u00e0."},"content":{"rendered":"<p>Els infants de tercer A, van fer una sortida al cap de Montigal\u00e0 per saber el funcionament d&#8217;aquest i realitzar un taller de bons h\u00e0bits pel nostre cos.<\/p>\n<p><a href=\"https:\/\/photos.app.goo.gl\/NeQg2fnYXRSr2rHx8\" target=\"_blank\" rel=\"noopener\">https:\/\/photos.app.goo.gl\/NeQg2fnYXRSr2rHx8<\/a><\/p>\n<p>&nbsp;<\/p>\n","protected":false},"excerpt":{"rendered":"<p>Els infants de tercer A, van fer una sortida al cap de Montigal\u00e0 per saber el funcionament d&#8217;aquest i realitzar un taller de bons h\u00e0bits pel nostre cos.<br \/>\n<a href=\"https:\/\/photos.app.goo.gl\/NeQg2fnYXRSr2rHx8\" target=\"_blank\" rel=\"noopener\">https:\/\/photos.app.goo.gl\/NeQg2fnYXRSr2rHx8<\/a><br \/>\n&nbsp;<\/p>\n","protected":false},"author":69,"featured_media":0,"comment_status":"open","ping_status":"closed","sticky":false,"template":"","format":"standard","meta":{"_bbp_topic_count":0,"_bbp_reply_count":0,"_bbp_total_topic_count":0,"_bbp_total_reply_count":0,"_bbp_voice_count":0,"_bbp_anonymous_reply_count":0,"_bbp_topic_count_hidden":0,"_bbp_reply_count_hidden":0,"_bbp_forum_subforum_count":0,"footnotes":""},"categories":[12,4],"tags":[],"class_list":["post-6613","post","type-post","status-publish","format-standard","hentry","category-3r","category-portada"],"post_mailing_queue_ids":[],"_links":{"self":[{"href":"https:\/\/agora.xtec.cat\/ceip-joan-coret\/wp-json\/wp\/v2\/posts\/6613","targetHints":{"allow":["GET"]}}],"collection":[{"href":"https:\/\/agora.xtec.cat\/ceip-joan-coret\/wp-json\/wp\/v2\/posts"}],"about":[{"href":"https:\/\/agora.xtec.cat\/ceip-joan-coret\/wp-json\/wp\/v2\/types\/post"}],"author":[{"embeddable":true,"href":"https:\/\/agora.xtec.cat\/ceip-joan-coret\/wp-json\/wp\/v2\/users\/69"}],"replies":[{"embeddable":true,"href":"https:\/\/agora.xtec.cat\/ceip-joan-coret\/wp-json\/wp\/v2\/comments?post=6613"}],"version-history":[{"count":2,"href":"https:\/\/agora.xtec.cat\/ceip-joan-coret\/wp-json\/wp\/v2\/posts\/6613\/revisions"}],"predecessor-version":[{"id":6637,"href":"https:\/\/agora.xtec.cat\/ceip-joan-coret\/wp-json\/wp\/v2\/posts\/6613\/revisions\/6637"}],"wp:attachment":[{"href":"https:\/\/agora.xtec.cat\/ceip-joan-coret\/wp-json\/wp\/v2\/media?parent=6613"}],"wp:term":[{"taxonomy":"category","embeddable":true,"href":"https:\/\/agora.xtec.cat\/ceip-joan-coret\/wp-json\/wp\/v2\/categories?post=6613"},{"taxonomy":"post_tag","embeddable":true,"href":"https:\/\/agora.xtec.cat\/ceip-joan-coret\/wp-json\/wp\/v2\/tags?post=6613"}],"curies":[{"name":"wp","href":"https:\/\/api.w.org\/{rel}","templated":true}]}}