{"id":6597,"date":"2023-04-27T13:16:56","date_gmt":"2023-04-27T11:16:56","guid":{"rendered":"https:\/\/agora.xtec.cat\/ceip-joan-coret\/?p=6597"},"modified":"2023-04-27T13:17:29","modified_gmt":"2023-04-27T11:17:29","slug":"sortida-al-poble-espanyol","status":"publish","type":"post","link":"https:\/\/agora.xtec.cat\/ceip-joan-coret\/portada\/sortida-al-poble-espanyol\/","title":{"rendered":"Sortida al Poble Espanyol"},"content":{"rendered":"<p>L&#8217;alumnat de 6\u00e8 s&#8217;ho va passar d&#8217;all\u00f2 m\u00e9s b\u00e9 fent una gimcana per les diferents comunitat aut\u00f2nomes d&#8217;Espanya. Van poder con\u00e8ixer Andalusia, Arag\u00f3, el Pa\u00eds Basc i moltes m\u00e9s en un sol dia!<\/p>\n<p><a href=\"https:\/\/photos.app.goo.gl\/zFiS3TH6mGryzRWV6\" target=\"_blank\" rel=\"noopener\">https:\/\/photos.app.goo.gl\/zFiS3TH6mGryzRWV6<\/a><\/p>\n","protected":false},"excerpt":{"rendered":"<p>L&#8217;alumnat de 6\u00e8 s&#8217;ho va passar d&#8217;all\u00f2 m\u00e9s b\u00e9 fent una gimcana per les diferents comunitat aut\u00f2nomes d&#8217;Espanya. Van poder con\u00e8ixer Andalusia, Arag\u00f3, el Pa\u00eds Basc i moltes m\u00e9s en un sol dia!<br \/>\n<a href=\"https:\/\/photos.app.goo.gl\/zFiS3TH6mGryzRWV6\" target=\"_blank\" rel=\"noopener\">https:\/\/photos.app.goo.gl\/zFiS3TH6mGryzRWV6<\/a><\/p>\n","protected":false},"author":69,"featured_media":0,"comment_status":"open","ping_status":"closed","sticky":false,"template":"","format":"standard","meta":{"_bbp_topic_count":0,"_bbp_reply_count":0,"_bbp_total_topic_count":0,"_bbp_total_reply_count":0,"_bbp_voice_count":0,"_bbp_anonymous_reply_count":0,"_bbp_topic_count_hidden":0,"_bbp_reply_count_hidden":0,"_bbp_forum_subforum_count":0,"footnotes":""},"categories":[15,4],"tags":[],"class_list":["post-6597","post","type-post","status-publish","format-standard","hentry","category-6e","category-portada"],"post_mailing_queue_ids":[],"_links":{"self":[{"href":"https:\/\/agora.xtec.cat\/ceip-joan-coret\/wp-json\/wp\/v2\/posts\/6597","targetHints":{"allow":["GET"]}}],"collection":[{"href":"https:\/\/agora.xtec.cat\/ceip-joan-coret\/wp-json\/wp\/v2\/posts"}],"about":[{"href":"https:\/\/agora.xtec.cat\/ceip-joan-coret\/wp-json\/wp\/v2\/types\/post"}],"author":[{"embeddable":true,"href":"https:\/\/agora.xtec.cat\/ceip-joan-coret\/wp-json\/wp\/v2\/users\/69"}],"replies":[{"embeddable":true,"href":"https:\/\/agora.xtec.cat\/ceip-joan-coret\/wp-json\/wp\/v2\/comments?post=6597"}],"version-history":[{"count":2,"href":"https:\/\/agora.xtec.cat\/ceip-joan-coret\/wp-json\/wp\/v2\/posts\/6597\/revisions"}],"predecessor-version":[{"id":6642,"href":"https:\/\/agora.xtec.cat\/ceip-joan-coret\/wp-json\/wp\/v2\/posts\/6597\/revisions\/6642"}],"wp:attachment":[{"href":"https:\/\/agora.xtec.cat\/ceip-joan-coret\/wp-json\/wp\/v2\/media?parent=6597"}],"wp:term":[{"taxonomy":"category","embeddable":true,"href":"https:\/\/agora.xtec.cat\/ceip-joan-coret\/wp-json\/wp\/v2\/categories?post=6597"},{"taxonomy":"post_tag","embeddable":true,"href":"https:\/\/agora.xtec.cat\/ceip-joan-coret\/wp-json\/wp\/v2\/tags?post=6597"}],"curies":[{"name":"wp","href":"https:\/\/api.w.org\/{rel}","templated":true}]}}