{"id":6594,"date":"2023-03-30T14:53:05","date_gmt":"2023-03-30T12:53:05","guid":{"rendered":"https:\/\/agora.xtec.cat\/ceip-joan-coret\/?p=6594"},"modified":"2023-03-30T14:53:05","modified_gmt":"2023-03-30T12:53:05","slug":"badaorientacio","status":"publish","type":"post","link":"https:\/\/agora.xtec.cat\/ceip-joan-coret\/portada\/badaorientacio\/","title":{"rendered":"BADAORIENTACI\u00d3"},"content":{"rendered":"<p>L\u00b4alumnat de 4t ha fet l\u00b4activitat d\u00b4Educaci\u00f3 F\u00edsica anomenada BADAORIENTACI\u00d3. Ha estat al parc de CAN SOLEI. Hem anat totes les escoles de BADALONA i ha estat molt divertida.<\/p>\n","protected":false},"excerpt":{"rendered":"<p>L\u00b4alumnat de 4t ha fet l\u00b4activitat d\u00b4Educaci\u00f3 F\u00edsica anomenada BADAORIENTACI\u00d3. Ha estat al parc de CAN SOLEI. Hem anat totes les escoles de BADALONA i ha estat molt divertida.<\/p>\n","protected":false},"author":69,"featured_media":0,"comment_status":"open","ping_status":"closed","sticky":false,"template":"","format":"standard","meta":{"_bbp_topic_count":0,"_bbp_reply_count":0,"_bbp_total_topic_count":0,"_bbp_total_reply_count":0,"_bbp_voice_count":0,"_bbp_anonymous_reply_count":0,"_bbp_topic_count_hidden":0,"_bbp_reply_count_hidden":0,"_bbp_forum_subforum_count":0,"footnotes":""},"categories":[13,64,4],"tags":[],"class_list":["post-6594","post","type-post","status-publish","format-standard","hentry","category-4t","category-educacio-fisica","category-portada"],"post_mailing_queue_ids":[],"_links":{"self":[{"href":"https:\/\/agora.xtec.cat\/ceip-joan-coret\/wp-json\/wp\/v2\/posts\/6594","targetHints":{"allow":["GET"]}}],"collection":[{"href":"https:\/\/agora.xtec.cat\/ceip-joan-coret\/wp-json\/wp\/v2\/posts"}],"about":[{"href":"https:\/\/agora.xtec.cat\/ceip-joan-coret\/wp-json\/wp\/v2\/types\/post"}],"author":[{"embeddable":true,"href":"https:\/\/agora.xtec.cat\/ceip-joan-coret\/wp-json\/wp\/v2\/users\/69"}],"replies":[{"embeddable":true,"href":"https:\/\/agora.xtec.cat\/ceip-joan-coret\/wp-json\/wp\/v2\/comments?post=6594"}],"version-history":[{"count":2,"href":"https:\/\/agora.xtec.cat\/ceip-joan-coret\/wp-json\/wp\/v2\/posts\/6594\/revisions"}],"predecessor-version":[{"id":6596,"href":"https:\/\/agora.xtec.cat\/ceip-joan-coret\/wp-json\/wp\/v2\/posts\/6594\/revisions\/6596"}],"wp:attachment":[{"href":"https:\/\/agora.xtec.cat\/ceip-joan-coret\/wp-json\/wp\/v2\/media?parent=6594"}],"wp:term":[{"taxonomy":"category","embeddable":true,"href":"https:\/\/agora.xtec.cat\/ceip-joan-coret\/wp-json\/wp\/v2\/categories?post=6594"},{"taxonomy":"post_tag","embeddable":true,"href":"https:\/\/agora.xtec.cat\/ceip-joan-coret\/wp-json\/wp\/v2\/tags?post=6594"}],"curies":[{"name":"wp","href":"https:\/\/api.w.org\/{rel}","templated":true}]}}