{"id":6579,"date":"2023-03-27T12:10:25","date_gmt":"2023-03-27T10:10:25","guid":{"rendered":"https:\/\/agora.xtec.cat\/ceip-joan-coret\/?p=6579"},"modified":"2023-03-27T12:10:25","modified_gmt":"2023-03-27T10:10:25","slug":"setmana-de-la-ciencia-a-2n","status":"publish","type":"post","link":"https:\/\/agora.xtec.cat\/ceip-joan-coret\/portada\/setmana-de-la-ciencia-a-2n\/","title":{"rendered":"Setmana de la Ci\u00e8ncia a 2n"},"content":{"rendered":"<p>Ja tenim les fotos de les activitats que vam realitzar durant la Setmana de la Ci\u00e8ncia. Vam passar molts nervis fent la presentaci\u00f3 davant les fam\u00edlies per\u00f2 ens ho vam passar Genial!<\/p>\n<p>Voleu veure-les? Aqu\u00ed les teniu:<\/p>\n<p><a href=\"https:\/\/photos.app.goo.gl\/GNxjPgSKW3swgJge7\" target=\"_blank\" rel=\"noopener\">https:\/\/photos.app.goo.gl\/GNxjPgSKW3swgJge7<\/a><\/p>\n","protected":false},"excerpt":{"rendered":"<p>Ja tenim les fotos de les activitats que vam realitzar durant la Setmana de la Ci\u00e8ncia. Vam passar molts nervis fent la presentaci\u00f3 davant les fam\u00edlies per\u00f2 ens ho vam passar Genial!<br \/>\nVoleu veure-les? Aqu\u00ed les teniu:<br \/>\n<a href=\"https:\/\/photos.app.goo.gl\/GNxjPgSKW3swgJge7\" target=\"_blank\" rel=\"noopener\">https:\/\/photos.app.goo.gl\/GNxjPgSKW3swgJge7<\/a><\/p>\n","protected":false},"author":3,"featured_media":0,"comment_status":"open","ping_status":"closed","sticky":false,"template":"","format":"standard","meta":{"_bbp_topic_count":0,"_bbp_reply_count":0,"_bbp_total_topic_count":0,"_bbp_total_reply_count":0,"_bbp_voice_count":0,"_bbp_anonymous_reply_count":0,"_bbp_topic_count_hidden":0,"_bbp_reply_count_hidden":0,"_bbp_forum_subforum_count":0,"footnotes":""},"categories":[11,4],"tags":[153],"class_list":["post-6579","post","type-post","status-publish","format-standard","hentry","category-2n","category-portada","tag-setmana-de-la-ciencia"],"post_mailing_queue_ids":[],"_links":{"self":[{"href":"https:\/\/agora.xtec.cat\/ceip-joan-coret\/wp-json\/wp\/v2\/posts\/6579","targetHints":{"allow":["GET"]}}],"collection":[{"href":"https:\/\/agora.xtec.cat\/ceip-joan-coret\/wp-json\/wp\/v2\/posts"}],"about":[{"href":"https:\/\/agora.xtec.cat\/ceip-joan-coret\/wp-json\/wp\/v2\/types\/post"}],"author":[{"embeddable":true,"href":"https:\/\/agora.xtec.cat\/ceip-joan-coret\/wp-json\/wp\/v2\/users\/3"}],"replies":[{"embeddable":true,"href":"https:\/\/agora.xtec.cat\/ceip-joan-coret\/wp-json\/wp\/v2\/comments?post=6579"}],"version-history":[{"count":1,"href":"https:\/\/agora.xtec.cat\/ceip-joan-coret\/wp-json\/wp\/v2\/posts\/6579\/revisions"}],"predecessor-version":[{"id":6580,"href":"https:\/\/agora.xtec.cat\/ceip-joan-coret\/wp-json\/wp\/v2\/posts\/6579\/revisions\/6580"}],"wp:attachment":[{"href":"https:\/\/agora.xtec.cat\/ceip-joan-coret\/wp-json\/wp\/v2\/media?parent=6579"}],"wp:term":[{"taxonomy":"category","embeddable":true,"href":"https:\/\/agora.xtec.cat\/ceip-joan-coret\/wp-json\/wp\/v2\/categories?post=6579"},{"taxonomy":"post_tag","embeddable":true,"href":"https:\/\/agora.xtec.cat\/ceip-joan-coret\/wp-json\/wp\/v2\/tags?post=6579"}],"curies":[{"name":"wp","href":"https:\/\/api.w.org\/{rel}","templated":true}]}}