{"id":6555,"date":"2023-03-06T11:41:32","date_gmt":"2023-03-06T10:41:32","guid":{"rendered":"https:\/\/agora.xtec.cat\/ceip-joan-coret\/?p=6555"},"modified":"2023-03-06T11:41:32","modified_gmt":"2023-03-06T10:41:32","slug":"badatletisme-5e-3","status":"publish","type":"post","link":"https:\/\/agora.xtec.cat\/ceip-joan-coret\/portada\/badatletisme-5e-3\/","title":{"rendered":"Badatletisme 5e"},"content":{"rendered":"<p>Dins les activitats d&#8217;Educaci\u00f3 F\u00edsica fetes a Badalona, a 5\u00e8 ens toca anar a les pistes d&#8217;atletisme &#8220;Paco \u00c1guila&#8221; a realitzar una jornada atl\u00e8tica amb altres escoles de Badalona. Ens vam cansar molt per\u00f2 va ser un dia genial.<\/p>\n<p><a href=\"https:\/\/photos.app.goo.gl\/umqArQq5ktHwt3zj7\" target=\"_blank\" rel=\"noopener\">https:\/\/photos.app.goo.gl\/umqArQq5ktHwt3zj7<\/a><\/p>\n","protected":false},"excerpt":{"rendered":"<p>Dins les activitats d&#8217;Educaci\u00f3 F\u00edsica fetes a Badalona, a 5\u00e8 ens toca anar a les pistes d&#8217;atletisme &#8220;Paco \u00c1guila&#8221; a realitzar una jornada atl\u00e8tica amb altres escoles de Badalona. Ens vam cansar molt per\u00f2 va ser un dia genial.<br \/>\n<a href=\"https:\/\/photos.app.goo.gl\/umqArQq5ktHwt3zj7\" target=\"_blank\" rel=\"noopener\">https:\/\/photos.app.goo.gl\/umqArQq5ktHwt3zj7<\/a><\/p>\n","protected":false},"author":3,"featured_media":0,"comment_status":"open","ping_status":"closed","sticky":false,"template":"","format":"standard","meta":{"_bbp_topic_count":0,"_bbp_reply_count":0,"_bbp_total_topic_count":0,"_bbp_total_reply_count":0,"_bbp_voice_count":0,"_bbp_anonymous_reply_count":0,"_bbp_topic_count_hidden":0,"_bbp_reply_count_hidden":0,"_bbp_forum_subforum_count":0,"footnotes":""},"categories":[14,64,4],"tags":[],"class_list":["post-6555","post","type-post","status-publish","format-standard","hentry","category-5e","category-educacio-fisica","category-portada"],"post_mailing_queue_ids":[],"_links":{"self":[{"href":"https:\/\/agora.xtec.cat\/ceip-joan-coret\/wp-json\/wp\/v2\/posts\/6555","targetHints":{"allow":["GET"]}}],"collection":[{"href":"https:\/\/agora.xtec.cat\/ceip-joan-coret\/wp-json\/wp\/v2\/posts"}],"about":[{"href":"https:\/\/agora.xtec.cat\/ceip-joan-coret\/wp-json\/wp\/v2\/types\/post"}],"author":[{"embeddable":true,"href":"https:\/\/agora.xtec.cat\/ceip-joan-coret\/wp-json\/wp\/v2\/users\/3"}],"replies":[{"embeddable":true,"href":"https:\/\/agora.xtec.cat\/ceip-joan-coret\/wp-json\/wp\/v2\/comments?post=6555"}],"version-history":[{"count":1,"href":"https:\/\/agora.xtec.cat\/ceip-joan-coret\/wp-json\/wp\/v2\/posts\/6555\/revisions"}],"predecessor-version":[{"id":6556,"href":"https:\/\/agora.xtec.cat\/ceip-joan-coret\/wp-json\/wp\/v2\/posts\/6555\/revisions\/6556"}],"wp:attachment":[{"href":"https:\/\/agora.xtec.cat\/ceip-joan-coret\/wp-json\/wp\/v2\/media?parent=6555"}],"wp:term":[{"taxonomy":"category","embeddable":true,"href":"https:\/\/agora.xtec.cat\/ceip-joan-coret\/wp-json\/wp\/v2\/categories?post=6555"},{"taxonomy":"post_tag","embeddable":true,"href":"https:\/\/agora.xtec.cat\/ceip-joan-coret\/wp-json\/wp\/v2\/tags?post=6555"}],"curies":[{"name":"wp","href":"https:\/\/api.w.org\/{rel}","templated":true}]}}